{"id":16030,"date":"2017-10-16T15:25:21","date_gmt":"2017-10-16T12:25:21","guid":{"rendered":"https:\/\/ucge.com\/?p=16030"},"modified":"2023-05-11T11:27:29","modified_gmt":"2023-05-11T08:27:29","slug":"ucge-signature-at-gpd-gelisim-market","status":"publish","type":"post","link":"https:\/\/ucge.com\/en\/gpd-gelisim-markette-ucge-imzasi\/","title":{"rendered":"GPD \u201cGEL\u0130\u015e\u0130M MARKET\u201dTE \u00dc\u00c7GE \u0130MZASI"},"content":{"rendered":"<div data-elementor-type=\"wp-post\" data-elementor-id=\"16030\" class=\"elementor elementor-16030\" data-elementor-post-type=\"post\">\n\t\t\t\t\t\t<section class=\"elementor-section elementor-top-section elementor-element elementor-element-3ee2c8d elementor-section-boxed elementor-section-height-default elementor-section-height-default\" data-id=\"3ee2c8d\" data-element_type=\"section\" data-e-type=\"section\">\n\t\t\t\t\t\t<div class=\"elementor-container elementor-column-gap-default\">\n\t\t\t\t\t<div class=\"elementor-column elementor-col-100 elementor-top-column elementor-element elementor-element-43d936a\" data-id=\"43d936a\" data-element_type=\"column\" data-e-type=\"column\">\n\t\t\t<div class=\"elementor-widget-wrap elementor-element-populated\">\n\t\t\t\t\t\t<div class=\"elementor-element elementor-element-5bd5ea5 elementor-widget elementor-widget-text-editor\" data-id=\"5bd5ea5\" data-element_type=\"widget\" data-e-type=\"widget\" data-widget_type=\"text-editor.default\">\n\t\t\t\t<div class=\"elementor-widget-container\">\n\t\t\t\t\t\t\t\t\t<p>G\u0131da Perakendecileri Derne\u011fi (GPD)&#8217;nin bu y\u0131l 4\u2019\u00fcnc\u00fcs\u00fcn\u00fc d\u00fczenledi\u011fi \u201cOrtak Geli\u015fim Kongresi\u201d Wyndham Grand Levent \u0130stanbul&#8217;da ger\u00e7ekle\u015ftirildi. Kongrede bu y\u0131l ilk kez hayata ge\u00e7irilen &#8216;Geli\u015fim Market&#8217; in ma\u011faza konsepti ve raf sistemlerinde \u00dc\u00c7GE imzas\u0131 vard\u0131.<\/p><p><span style=\"color: inherit; font-family: inherit; font-size: inherit; font-style: inherit; font-weight: inherit; letter-spacing: inherit; text-decoration-line: inherit; text-transform: inherit;\">T\u00fcrkiye ekonomisi i\u00e7in yaratt\u0131\u011f\u0131 katma de\u011feri her ge\u00e7en y\u0131l art\u0131rarak 2016 istatistiklerine g\u00f6re \u00fcyeleriyle 105 milyar TL ciro ve 35 bin sat\u0131\u015f noktas\u0131nda 300 binin \u00fczerinde istihdam yaratan G\u0131da Perakendecileri Derne\u011fi (GPD), 10 Ekim\u2019de\u00a0<\/span><strong style=\"color: inherit; font-family: inherit; font-size: inherit; font-style: inherit; letter-spacing: inherit; text-decoration-line: inherit; text-transform: inherit;\">\u201cPerakendenin Yaratt\u0131\u011f\u0131 De\u011fer\u201d<\/strong><span style=\"color: inherit; font-family: inherit; font-size: inherit; font-style: inherit; font-weight: inherit; letter-spacing: inherit; text-decoration-line: inherit; text-transform: inherit;\">\u00a0temas\u0131yla \u201cOrtak Geli\u015fim Kongresi\u201dni 4\u2019\u00fcnc\u00fc defa d\u00fczenledi. 800\u2019\u00fcn \u00fczerinde perakendeci ve tedarik\u00e7inin kat\u0131ld\u0131\u011f\u0131 kongre, daha \u00f6ncekiler gibi b\u00fcy\u00fck bir ilgi g\u00f6rd\u00fc.<\/span><span style=\"color: inherit; font-family: inherit; font-size: inherit; font-style: inherit; font-weight: inherit; letter-spacing: inherit; text-decoration-line: inherit; text-transform: inherit;\">\u00a0<\/span><\/p><p>Kongrenin en ilgi \u00e7eken b\u00f6l\u00fcmlerinden biri de bu y\u0131l ilk kez kongrenin fuaye alan\u0131nda GPD ve \u00dc\u00c7GE i\u015fbirli\u011fi ile hayata ge\u00e7irilen\u00a0<strong>\u201cGeli\u015fim Market\u201d<\/strong>\u00a0konsepti oldu. Kongrenin ana sponsorlar\u0131\u00a0<strong>Coca Cola \u0130\u00e7ecek, P&amp;G, PepsiCo\u00a0<\/strong>And<strong>\u00a0Unilever<\/strong>\u2019in \u00fcr\u00fcnlerinin yan\u0131 s\u0131ra T\u00fcrkiye\u2019nin d\u00f6rt bir yan\u0131ndan kongreye kat\u0131lan yerel \u00fcreticilerin de \u00fcr\u00fcnlerinin sergilendi\u011fi alanda ger\u00e7ek bir market atmosferi yarat\u0131ld\u0131. Perakendenin zirvesini bir araya getiren kongrede yer alan Geli\u015fim Market\u2019in tasar\u0131m\u0131 ve raf sistemlerinde ise \u00dc\u00c7GE imzas\u0131 vard\u0131.<\/p><p><strong>\u00dc\u00c7GE Ma\u011faza Ekipmanlar\u0131 A.\u015e. Genel Y\u00f6netmeni Esra G\u00fcven<\/strong>\u00a0konuyla ilgili olarak, sekt\u00f6r\u00fcn \u00f6nc\u00fc ve lider firmas\u0131 olarak perakende sekt\u00f6r\u00fcne s\u00fcrekli bir de\u011fer yaratma hedefiyle proje geli\u015ftirdiklerini vurgulad\u0131. GPD Ortak Geli\u015fim Kongresi\u2019nde hayata ge\u00e7irilen konsept hakk\u0131nda da bilgi veren G\u00fcven, \u015funlar\u0131 s\u00f6yledi;<\/p><p>\u201cBug\u00fcne kadar hi\u00e7 bir organizasyonda bir b\u00fct\u00fcn olarak fuar alan\u0131 kurgulanmad\u0131. \u0130lk \u00e7al\u0131\u015fma GPD ve \u00dc\u00c7GE ile birlikte\u00a0<strong>\u201cGeli\u015fim Market\u201d<\/strong>\u00a0konseptiyle profesyonelce hayata ge\u00e7irildi. \u201cGeli\u015fim Market\u201di \u00dc\u00c7GE\u2019nin patentli ve yeni nesil raf sistemi olan\u00a0<strong>\u201cSaturn Konsept\u201d<\/strong>\u00a0ile hayata ge\u00e7irdik. \u00dc\u00c7GE\u2019nin AR-GE \u00e7al\u0131\u015fmalar\u0131 ve y\u00fcksek teknoloji yat\u0131r\u0131mlar\u0131 ile perakendeye sundu\u011fu patentli yeni nesil raf sistemi\u00a0<strong>\u201cSaturn Konsept\u201d<\/strong>\u00a0Geli\u015fim Market\u2019te perakendeciler taraf\u0131ndan b\u00fcy\u00fck ilgi g\u00f6rd\u00fc. Bu konseptimizle raftan daha \u00e7ok \u00fcr\u00fcn\u00fcn nas\u0131l \u00f6ne \u00e7\u0131kar\u0131ld\u0131\u011f\u0131n\u0131 ve bu sistemin t\u00fcketicide \u00fcr\u00fcn alg\u0131s\u0131n\u0131 nas\u0131l yaratt\u0131\u011f\u0131n\u0131 g\u00f6zler \u00f6n\u00fcne serdik. Bu sistemde ayr\u0131ca hem m\u00fc\u015fterilerimize daha y\u00fcksek kalitede \u00fcr\u00fcn sunuyor, hem de m\u00fc\u015fterilerimizin ma\u011faza yat\u0131r\u0131m maliyetine de avantaj olarak yans\u0131mas\u0131n\u0131 sa\u011fl\u0131yoruz. Saturn Konsept kolonlar\u0131 saran a\u00e7\u0131l\u0131 raflar\u0131, farkl\u0131 derinlik ve geni\u015flik se\u00e7enekleri ile alan verimlili\u011finin yan\u0131 s\u0131ra, estetik ve fonksiyonel bir sunum da sa\u011fl\u0131yor ve standart raf sistemlerine g\u00f6re fark yarat\u0131yor.\u201d<\/p>\t\t\t\t\t\t\t\t<\/div>\n\t\t\t\t<\/div>\n\t\t\t\t\t<\/div>\n\t\t<\/div>\n\t\t\t\t\t<\/div>\n\t\t<\/section>\n\t\t\t\t<\/div>","protected":false},"excerpt":{"rendered":"","protected":false},"author":2,"featured_media":21022,"comment_status":"closed","ping_status":"closed","sticky":false,"template":"","format":"standard","meta":{"footnotes":""},"categories":[19],"tags":[],"class_list":["post-16030","post","type-post","status-publish","format-standard","has-post-thumbnail","hentry","category-haberler"],"_links":{"self":[{"href":"https:\/\/ucge.com\/en\/wp-json\/wp\/v2\/posts\/16030","targetHints":{"allow":["GET"]}}],"collection":[{"href":"https:\/\/ucge.com\/en\/wp-json\/wp\/v2\/posts"}],"about":[{"href":"https:\/\/ucge.com\/en\/wp-json\/wp\/v2\/types\/post"}],"author":[{"embeddable":true,"href":"https:\/\/ucge.com\/en\/wp-json\/wp\/v2\/users\/2"}],"replies":[{"embeddable":true,"href":"https:\/\/ucge.com\/en\/wp-json\/wp\/v2\/comments?post=16030"}],"version-history":[{"count":0,"href":"https:\/\/ucge.com\/en\/wp-json\/wp\/v2\/posts\/16030\/revisions"}],"wp:featuredmedia":[{"embeddable":true,"href":"https:\/\/ucge.com\/en\/wp-json\/wp\/v2\/media\/21022"}],"wp:attachment":[{"href":"https:\/\/ucge.com\/en\/wp-json\/wp\/v2\/media?parent=16030"}],"wp:term":[{"taxonomy":"category","embeddable":true,"href":"https:\/\/ucge.com\/en\/wp-json\/wp\/v2\/categories?post=16030"},{"taxonomy":"post_tag","embeddable":true,"href":"https:\/\/ucge.com\/en\/wp-json\/wp\/v2\/tags?post=16030"}],"curies":[{"name":"wp","href":"https:\/\/api.w.org\/{rel}","templated":true}]}}