{"id":17921,"date":"2014-04-04T11:16:42","date_gmt":"2014-04-04T08:16:42","guid":{"rendered":"https:\/\/ucge.com\/?p=17921"},"modified":"2023-05-12T12:37:32","modified_gmt":"2023-05-12T09:37:32","slug":"lets-get-to-know-professions-architecture","status":"publish","type":"post","link":"https:\/\/ucge.com\/en\/meslekleri-taniyalim-mimarlik\/","title":{"rendered":"Meslekleri Tan\u0131yal\u0131m: Mimarl\u0131k"},"content":{"rendered":"<div data-elementor-type=\"wp-post\" data-elementor-id=\"17921\" class=\"elementor elementor-17921\" data-elementor-post-type=\"post\">\n\t\t\t\t\t\t<section class=\"elementor-section elementor-top-section elementor-element elementor-element-507f777 elementor-section-boxed elementor-section-height-default elementor-section-height-default\" data-id=\"507f777\" data-element_type=\"section\" data-e-type=\"section\">\n\t\t\t\t\t\t<div class=\"elementor-container elementor-column-gap-default\">\n\t\t\t\t\t<div class=\"elementor-column elementor-col-100 elementor-top-column elementor-element elementor-element-6bed1f0\" data-id=\"6bed1f0\" data-element_type=\"column\" data-e-type=\"column\">\n\t\t\t<div class=\"elementor-widget-wrap elementor-element-populated\">\n\t\t\t\t\t\t<div class=\"elementor-element elementor-element-7aff479 elementor-widget elementor-widget-text-editor\" data-id=\"7aff479\" data-element_type=\"widget\" data-e-type=\"widget\" data-widget_type=\"text-editor.default\">\n\t\t\t\t<div class=\"elementor-widget-container\">\n\t\t\t\t\t\t\t\t\t\u00dc\u00e7ge ve L\u00fctfi Banu\u015fo\u011flu \u0130lk\u00f6\u011fretim Okulu i\u015fbirli\u011fiyle haz\u0131rlanan ve \u00f6\u011frencilerin ilk\u00f6\u011fretim \u00e7a\u011f\u0131ndan itibaren gelecek hedeflerini belirlemeleri i\u00e7in yol g\u00f6stermeyi ama\u00e7layan \u201cMeslekleri Tan\u0131yal\u0131m\u201d Projesi, 26 Mart 2014\u2019te, \u00dc\u00e7ge Sat\u0131\u015f Pazarlama Uzman\u0131 Ay\u015fe Kaplan Z\u0131\u011f\u0131ndere\u2019yi konuk etti. L\u00fctfi Banu\u015fo\u011flu \u0130lk\u00f6\u011fretim Okulu Konferans Salonu\u2019nda ger\u00e7ekle\u015fen programda Ay\u015fe Kaplan Z\u0131\u011f\u0131ndere, \u00f6\u011frencilere \u201cMimarl\u0131k\u201d mesle\u011fi hakk\u0131nda bilgiler aktard\u0131.\n\n\u201cMeslekleri Tan\u0131yal\u0131m\u201d projesi ilerleyen g\u00fcnlerde \u00dc\u00e7ge A.\u015e.\u2019nin farkl\u0131 birimlerinden uzmanlar taraf\u0131ndan, farkl\u0131 meslek gruplar\u0131n\u0131n tan\u0131t\u0131lmas\u0131 i\u00e7in d\u00fczenlenecek programlarla devam edecek.\n\n<p>\n\n  Ya\u015fam hakk\u0131na sayg\u0131 ve her canl\u0131 t\u00fcr\u00fc i\u00e7in s\u00fcrd\u00fcr\u00fclebilir ya\u015fam i\u00e7in bireysel m\u00fccadelelerini de s\u00fcrd\u00fcrmekte olan \u00dc\u00e7ge \u00c7evre Ekibi \u00fcyeleri, &ldquo;Do\u011faya Uzanan Eller Projesi&rdquo;nde, &ldquo;A\u011fa\u00e7 Ya\u015fken E\u011filir&rdquo; atas\u00f6z\u00fcyle yola \u00e7\u0131kt\u0131lar. Gelece\u011fimizi emanet edece\u011fimiz \u00e7ocuklar\u0131n, &ldquo;Do\u011fa Bilinci&rdquo;, &ldquo;Hayvan Sevgisi&rdquo; ve &ldquo;\u00c7evre Koruma&rdquo; konular\u0131nda bilin\u00e7lendirilmesinin, gelecek i\u00e7in at\u0131lacak \u00e7ok \u00f6nemli bir ad\u0131m oldu\u011funu d\u00fc\u015f\u00fcnerek, \u00f6ncelikle gelir seviyesi d\u00fc\u015f\u00fck b\u00f6lgelerde ya\u015fayan \u00e7ocuklarda do\u011fa ve \u00e7evre bilincinin geli\u015fmesine katk\u0131 sa\u011flamak amac\u0131yla bu projeyi geli\u015ftirdiler.<br>\n\n  <br>\n\n  <strong>Do\u011faya Uzanan Eller, Bursa&rsquo;da 1500 \u00f6\u011frenciye dokunacak<\/strong><br>\n\n  \u00dc\u00e7ge \u00c7evre ekibi taraf\u0131ndan hayata ge\u00e7irilen projenin ilk a\u015famas\u0131nda \u00f6\u011frencilerde, bilgilendirme sunumlar\u0131 arac\u0131l\u0131\u011f\u0131yla &ldquo;\u00c7evre Bilinci&rdquo; ve &ldquo;Hayvan Sevgisi&rdquo; konular\u0131nda fark\u0131ndal\u0131k yaratmak ama\u00e7lan\u0131yor. Okullar\u0131n\u0131n bah\u00e7elerinde ger\u00e7ekle\u015ftirilecek olan fidan dikimleriyle de, ya\u015fad\u0131klar\u0131 alandan ba\u015flayarak eyleme ge\u00e7meleri hedefleniyor. 21 Haziran&rsquo;a kadar, Bursa&rsquo;daki 1500 ilk\u00f6\u011fretim \u00f6\u011frencisiyle bulu\u015facak olan &ldquo;Do\u011faya Uzanan Eller&rdquo;, 28 Mart Cuma G\u00fcn\u00fc, L\u00fctfi Banu\u015fo\u011flu \u0130lk\u00f6\u011fretim Okulu&rsquo;nda faaliyetlerine ba\u015flad\u0131.<br>\n\n  <br>\n\n  Avrupa Birli\u011fi E\u011fitim ve Gen\u00e7lik Programlar\u0131 Merkezi Ba\u015fkanl\u0131\u011f\u0131 (Ulusal Ajans) taraf\u0131ndan desteklenen, Eylem 1.2 Gen\u00e7lik Giri\u015fimleri kapsam\u0131nda, T\u00fcrkiye genelinde 63 proje aras\u0131nda yer almay\u0131 ba\u015faran &ldquo;Do\u011faya Uzanan Eller&rdquo; projesi kapsam\u0131nda, e\u011fitimler ve fidan dikimleri ger\u00e7ekle\u015ftirilecek. Ayr\u0131ca, \u00f6\u011frencilere tohumlu kalem ve geri d\u00f6n\u00fc\u015ft\u00fcr\u00fclebilir malzemeden yap\u0131lm\u0131\u015f silgilerden olu\u015fan k\u0131rtasiye setleri da\u011f\u0131t\u0131lacak.<br>\n\n  <br>\n\n  <strong>\u00dc\u00e7ge \u00c7evre Ekibi Hakk\u0131nda:<\/strong><br>\n\n  2013 y\u0131l\u0131nda, toplumsal fayda sa\u011flayacak projelere imza atmak ve &ldquo;biz de var\u0131z&rdquo; demek i\u00e7in bir araya geldiklerini ifade eden \u00dc\u00e7ge \u00c7evre Ekibi; Proje Y\u00f6netim Uzman\u0131 Meltem Dan\u0131\u015fman, Sevkiyat Uzman\u0131 Enes \u00dcnver ve Recep Y\u0131lmaz, Stajyer Merve \u015eahin, Ehat G\u00fcndo\u011fdu, Saliha Ak\u0131n, Ar-Ge Metot Uzman\u0131 Arzu Nalc\u0131, Maliyet Merkezi Y\u00f6netmeni Esra \u00c7ilem \u00d6zdemir ve Ar-Ge Model Uzman\u0131 Nermin Ayd\u0131n&rsquo;dan olu\u015fmaktad\u0131r. Projeyle ilgili bilgi veren Meltem Dan\u0131\u015fman: &ldquo;<em>Amac\u0131m\u0131z toplumda bizde var\u0131z diyebilmek ad\u0131na bir ad\u0131m atmakt\u0131. Biz bu ad\u0131m\u0131n ba\u015flang\u0131c\u0131n\u0131n \u00e7ocuklar\u0131m\u0131z oldu\u011funu d\u00fc\u015f\u00fcnerek Ekim 2013 tarihinde tohumlar\u0131m\u0131z\u0131 atmak i\u00e7in bir araya geldik. Art\u0131k tohumlar\u0131m\u0131z\u0131n filizlenme vakti ve biz bu fidanlar\u0131m\u0131z\u0131 gelece\u011fimiz olan \u00e7ocuklarla birlikte ye\u015fertece\u011fiz<\/em>&rdquo; diye konu\u015ftu.<\/p>\n\t\t\t\t\t\t\t\t<\/div>\n\t\t\t\t<\/div>\n\t\t\t\t\t<\/div>\n\t\t<\/div>\n\t\t\t\t\t<\/div>\n\t\t<\/section>\n\t\t\t\t<\/div>","protected":false},"excerpt":{"rendered":"<p>\u00dc\u00e7ge ve L\u00fctfi Banu\u015fo\u011flu \u0130lk\u00f6\u011fretim Okulu i\u015fbirli\u011fiyle haz\u0131rlanan ve \u00f6\u011frencilerin ilk\u00f6\u011fretim \u00e7a\u011f\u0131ndan itibaren gelecek hedeflerini belirlemeleri i\u00e7in yol g\u00f6stermeyi ama\u00e7layan \u201cMeslekleri Tan\u0131yal\u0131m\u201d Projesi, 26 Mart 2014\u2019te, \u00dc\u00e7ge Sat\u0131\u015f Pazarlama Uzman\u0131 Ay\u015fe Kaplan Z\u0131\u011f\u0131ndere\u2019yi konuk etti. L\u00fctfi Banu\u015fo\u011flu \u0130lk\u00f6\u011fretim Okulu Konferans Salonu\u2019nda ger\u00e7ekle\u015fen programda Ay\u015fe Kaplan Z\u0131\u011f\u0131ndere, \u00f6\u011frencilere \u201cMimarl\u0131k\u201d mesle\u011fi hakk\u0131nda bilgiler aktard\u0131. \u201cMeslekleri Tan\u0131yal\u0131m\u201d projesi &hellip; <a href=\"https:\/\/ucge.com\/en\/meslekleri-taniyalim-mimarlik\/\" class=\"more-link\">Continue reading<span class=\"screen-reader-text\"> &#8220;Meslekleri Tan\u0131yal\u0131m: Mimarl\u0131k&#8221;<\/span><\/a><\/p>","protected":false},"author":2,"featured_media":21100,"comment_status":"closed","ping_status":"closed","sticky":false,"template":"","format":"standard","meta":{"footnotes":""},"categories":[19],"tags":[60],"class_list":["post-17921","post","type-post","status-publish","format-standard","has-post-thumbnail","hentry","category-haberler","tag-mimarlik"],"_links":{"self":[{"href":"https:\/\/ucge.com\/en\/wp-json\/wp\/v2\/posts\/17921","targetHints":{"allow":["GET"]}}],"collection":[{"href":"https:\/\/ucge.com\/en\/wp-json\/wp\/v2\/posts"}],"about":[{"href":"https:\/\/ucge.com\/en\/wp-json\/wp\/v2\/types\/post"}],"author":[{"embeddable":true,"href":"https:\/\/ucge.com\/en\/wp-json\/wp\/v2\/users\/2"}],"replies":[{"embeddable":true,"href":"https:\/\/ucge.com\/en\/wp-json\/wp\/v2\/comments?post=17921"}],"version-history":[{"count":0,"href":"https:\/\/ucge.com\/en\/wp-json\/wp\/v2\/posts\/17921\/revisions"}],"wp:featuredmedia":[{"embeddable":true,"href":"https:\/\/ucge.com\/en\/wp-json\/wp\/v2\/media\/21100"}],"wp:attachment":[{"href":"https:\/\/ucge.com\/en\/wp-json\/wp\/v2\/media?parent=17921"}],"wp:term":[{"taxonomy":"category","embeddable":true,"href":"https:\/\/ucge.com\/en\/wp-json\/wp\/v2\/categories?post=17921"},{"taxonomy":"post_tag","embeddable":true,"href":"https:\/\/ucge.com\/en\/wp-json\/wp\/v2\/tags?post=17921"}],"curies":[{"name":"wp","href":"https:\/\/api.w.org\/{rel}","templated":true}]}}