{"id":24210,"date":"2023-10-11T12:30:37","date_gmt":"2023-10-11T09:30:37","guid":{"rendered":"https:\/\/ucge.com\/?p=24210"},"modified":"2023-10-11T13:45:42","modified_gmt":"2023-10-11T10:45:42","slug":"ucge-at-the-5th-digital-ceo-and-leaders-summit","status":"publish","type":"post","link":"https:\/\/ucge.com\/en\/ucge-5-dijital-ceo-ve-liderler-zirvesinde\/","title":{"rendered":"\u00dc\u00c7GE at the 5th Digital CEO and Leaders Summit"},"content":{"rendered":"<div data-elementor-type=\"wp-post\" data-elementor-id=\"24210\" class=\"elementor elementor-24210\" data-elementor-post-type=\"post\">\n\t\t\t\t\t\t<section class=\"elementor-section elementor-top-section elementor-element elementor-element-f57b904 elementor-section-boxed elementor-section-height-default elementor-section-height-default\" data-id=\"f57b904\" data-element_type=\"section\" data-e-type=\"section\">\n\t\t\t\t\t\t<div class=\"elementor-container elementor-column-gap-default\">\n\t\t\t\t\t<div class=\"elementor-column elementor-col-100 elementor-top-column elementor-element elementor-element-46a12e4\" data-id=\"46a12e4\" data-element_type=\"column\" data-e-type=\"column\">\n\t\t\t<div class=\"elementor-widget-wrap elementor-element-populated\">\n\t\t\t\t\t\t<div class=\"elementor-element elementor-element-daa8a33 elementor-widget elementor-widget-text-editor\" data-id=\"daa8a33\" data-element_type=\"widget\" data-e-type=\"widget\" data-widget_type=\"text-editor.default\">\n\t\t\t\t<div class=\"elementor-widget-container\">\n\t\t\t\t\t\t\t\t\t<p><em>5-7 Ekim tarihleri aras\u0131nda \u0130zmir\u2019de 300 \u00fcst d\u00fczey y\u00f6neticinin kat\u0131l\u0131m\u0131yla ger\u00e7ekle\u015fen Vizyon 100 Etkinlik Platformunun 5. Dijital CEO ve Liderler Zirvesi\u2019nde \u00dc\u00c7GE, etkinli\u011fin katk\u0131 veren firmalar\u0131 aras\u0131nda yer ald\u0131. Zirvede ger\u00e7ekle\u015ftirilen \u00f6d\u00fcl t\u00f6reninde \u00dc\u00c7GE Y\u00f6netim Kurulu Ba\u015fkan\u0131 Damla Aras ve \u00dc\u00c7GE Grup \u015eirketleri Ba\u015fkan\u0131 Esra G\u00fcven \u201cTopluma \u0130lham Veren ve De\u011fer Katan Kad\u0131n Y\u00f6netici\u201d \u00f6d\u00fcl\u00fcne lay\u0131k g\u00f6r\u00fcld\u00fc.<\/em><\/p>\t\t\t\t\t\t\t\t<\/div>\n\t\t\t\t<\/div>\n\t\t\t\t<div class=\"elementor-element elementor-element-7b4279d elementor-widget elementor-widget-text-editor\" data-id=\"7b4279d\" data-element_type=\"widget\" data-e-type=\"widget\" data-widget_type=\"text-editor.default\">\n\t\t\t\t<div class=\"elementor-widget-container\">\n\t\t\t\t\t\t\t\t\tVizyon 100 platformunun, bu y\u0131l \u201cCumhuriyetin 100. Y\u0131l\u0131\u201d temas\u0131 ile d\u00fczenledi\u011fi 5. Dijital CEO ve Liderler Zirvesi, YK Ba\u015fkan\u0131, CEO ve Genel M\u00fcd\u00fcr seviyesinde 300 tepe y\u00f6netici ve 40 kurumun kat\u0131l\u0131m\u0131yla ger\u00e7ekle\u015fti. \u0130zmir, \u00c7e\u015fme\u2019de ger\u00e7ekle\u015ftirilen zirve boyunca sanayi, sa\u011fl\u0131k, lojistik, otomotiv, teknoloji ve finans gibi pek \u00e7ok \u00f6nemli sekt\u00f6r dinamiklerinin konu\u015fuldu\u011fu oturumlar ger\u00e7ekle\u015ftirildi. Oturumlarda konulu sekt\u00f6rlerin gelece\u011fi, f\u0131rsatlar, tehditler, dijital d\u00f6n\u00fc\u015f\u00fcm ve s\u00fcrd\u00fcr\u00fclebilirlik gibi bir\u00e7ok ba\u015fl\u0131k kat\u0131l\u0131mc\u0131lar ile beraber ele al\u0131nd\u0131.\t\t\t\t\t\t\t\t<\/div>\n\t\t\t\t<\/div>\n\t\t\t\t<div class=\"elementor-element elementor-element-2fa1b4a elementor-widget elementor-widget-text-editor\" data-id=\"2fa1b4a\" data-element_type=\"widget\" data-e-type=\"widget\" data-widget_type=\"text-editor.default\">\n\t\t\t\t<div class=\"elementor-widget-container\">\n\t\t\t\t\t\t\t\t\tA\u00e7\u0131l\u0131\u015f konu\u015fmas\u0131n\u0131 T.C. Sanayi ve Teknoloji Bakan\u0131 Sn. Mehmet Fatih KACIR&#8217;\u0131n yapt\u0131\u011f\u0131 zirvede, ikinci g\u00fcn tarih\u00e7i, akademisyen ve yazar Sn. Prof. Dr. \u0130lber Ortayl\u0131 &#8220;Teknolojik Geli\u015fmelerin Tarihin Ak\u0131\u015f\u0131na Etkisi&#8221; ba\u015fl\u0131\u011f\u0131nda konu\u015fmas\u0131n\u0131 ger\u00e7ekle\u015ftirdi. Zirvede toplamda 8 oturumda 40 de\u011ferli konu\u015fmac\u0131 yer ald\u0131. \t\t\t\t\t\t\t\t<\/div>\n\t\t\t\t<\/div>\n\t\t\t\t\t<\/div>\n\t\t<\/div>\n\t\t\t\t\t<\/div>\n\t\t<\/section>\n\t\t\t\t<section class=\"elementor-section elementor-top-section elementor-element elementor-element-5b86349 elementor-section-boxed elementor-section-height-default elementor-section-height-default\" data-id=\"5b86349\" data-element_type=\"section\" data-e-type=\"section\">\n\t\t\t\t\t\t<div class=\"elementor-container elementor-column-gap-default\">\n\t\t\t\t\t<div class=\"elementor-column elementor-col-50 elementor-top-column elementor-element elementor-element-612ee45\" data-id=\"612ee45\" data-element_type=\"column\" data-e-type=\"column\">\n\t\t\t<div class=\"elementor-widget-wrap elementor-element-populated\">\n\t\t\t\t\t\t<div class=\"elementor-element elementor-element-013fd53 elementor-widget elementor-widget-image\" data-id=\"013fd53\" data-element_type=\"widget\" data-e-type=\"widget\" data-widget_type=\"image.default\">\n\t\t\t\t<div class=\"elementor-widget-container\">\n\t\t\t\t\t\t\t\t\t\t\t\t\t\t\t<img fetchpriority=\"high\" decoding=\"async\" width=\"1024\" height=\"576\" src=\"https:\/\/ucge.com\/wp-content\/uploads\/2023\/10\/DSC0216-1024x576.jpg\" class=\"attachment-large size-large wp-image-24217\" alt=\"\u00dc\u00c7GE, 5. Dijital CEO ve Liderler Zirvesi\u2019nde-02\" srcset=\"https:\/\/ucge.com\/wp-content\/uploads\/2023\/10\/DSC0216-1024x576.jpg 1024w, https:\/\/ucge.com\/wp-content\/uploads\/2023\/10\/DSC0216-300x169.jpg 300w, https:\/\/ucge.com\/wp-content\/uploads\/2023\/10\/DSC0216-768x432.jpg 768w, https:\/\/ucge.com\/wp-content\/uploads\/2023\/10\/DSC0216-1536x864.jpg 1536w, https:\/\/ucge.com\/wp-content\/uploads\/2023\/10\/DSC0216-18x10.jpg 18w, https:\/\/ucge.com\/wp-content\/uploads\/2023\/10\/DSC0216-1200x675.jpg 1200w, https:\/\/ucge.com\/wp-content\/uploads\/2023\/10\/DSC0216.jpg 1920w\" sizes=\"(max-width: 709px) 85vw, (max-width: 909px) 67vw, (max-width: 1362px) 62vw, 840px\" \/>\t\t\t\t\t\t\t\t\t\t\t\t\t\t\t<\/div>\n\t\t\t\t<\/div>\n\t\t\t\t\t<\/div>\n\t\t<\/div>\n\t\t\t\t<div class=\"elementor-column elementor-col-50 elementor-top-column elementor-element elementor-element-ae25cdf\" data-id=\"ae25cdf\" data-element_type=\"column\" data-e-type=\"column\">\n\t\t\t<div class=\"elementor-widget-wrap elementor-element-populated\">\n\t\t\t\t\t\t<div class=\"elementor-element elementor-element-ab35898 elementor-widget elementor-widget-image\" data-id=\"ab35898\" data-element_type=\"widget\" data-e-type=\"widget\" data-widget_type=\"image.default\">\n\t\t\t\t<div class=\"elementor-widget-container\">\n\t\t\t\t\t\t\t\t\t\t\t\t\t\t\t<img decoding=\"async\" width=\"1024\" height=\"576\" src=\"https:\/\/ucge.com\/wp-content\/uploads\/2023\/10\/DSC0176-1024x576.jpg\" class=\"attachment-large size-large wp-image-24216\" alt=\"\u00dc\u00c7GE, 5. Dijital CEO ve Liderler Zirvesi\u2019nde-03\" srcset=\"https:\/\/ucge.com\/wp-content\/uploads\/2023\/10\/DSC0176-1024x576.jpg 1024w, https:\/\/ucge.com\/wp-content\/uploads\/2023\/10\/DSC0176-300x169.jpg 300w, https:\/\/ucge.com\/wp-content\/uploads\/2023\/10\/DSC0176-768x432.jpg 768w, https:\/\/ucge.com\/wp-content\/uploads\/2023\/10\/DSC0176-1536x864.jpg 1536w, https:\/\/ucge.com\/wp-content\/uploads\/2023\/10\/DSC0176-18x10.jpg 18w, https:\/\/ucge.com\/wp-content\/uploads\/2023\/10\/DSC0176-1200x675.jpg 1200w, https:\/\/ucge.com\/wp-content\/uploads\/2023\/10\/DSC0176.jpg 1920w\" sizes=\"(max-width: 709px) 85vw, (max-width: 909px) 67vw, (max-width: 1362px) 62vw, 840px\" \/>\t\t\t\t\t\t\t\t\t\t\t\t\t\t\t<\/div>\n\t\t\t\t<\/div>\n\t\t\t\t\t<\/div>\n\t\t<\/div>\n\t\t\t\t\t<\/div>\n\t\t<\/section>\n\t\t\t\t<section class=\"elementor-section elementor-top-section elementor-element elementor-element-5479de4 elementor-section-boxed elementor-section-height-default elementor-section-height-default\" data-id=\"5479de4\" data-element_type=\"section\" data-e-type=\"section\">\n\t\t\t\t\t\t<div class=\"elementor-container elementor-column-gap-default\">\n\t\t\t\t\t<div class=\"elementor-column elementor-col-100 elementor-top-column elementor-element elementor-element-c2ff402\" data-id=\"c2ff402\" data-element_type=\"column\" data-e-type=\"column\">\n\t\t\t<div class=\"elementor-widget-wrap elementor-element-populated\">\n\t\t\t\t\t\t<div class=\"elementor-element elementor-element-abd2693 elementor-widget elementor-widget-text-editor\" data-id=\"abd2693\" data-element_type=\"widget\" data-e-type=\"widget\" data-widget_type=\"text-editor.default\">\n\t\t\t\t<div class=\"elementor-widget-container\">\n\t\t\t\t\t\t\t\t\t\u00dc\u00c7GE Y\u00f6netim Kurulu Ba\u015fkan\u0131 Damla Aras\u2019\u0131n moderat\u00f6rl\u00fc\u011f\u00fcnde ger\u00e7ekle\u015ftirilen Perakende oturumunda Media Markt T\u00fcrkiye CEO\u2019su Faruk Kocaba\u015f, Hepsiburada CEO\u2019su Nilhan Onal G\u00f6k\u00e7etekin ve ET\u0130 Y\u00f6netim Kurulu \u00dcyesi Hakan Polato\u011flu konu\u015fmac\u0131 olarak yer ald\u0131. Verimli ve keyifli ge\u00e7en perakende oturumunda yer alan konu\u015fmac\u0131lar sekt\u00f6r\u00fcn gelece\u011fi ve sekt\u00f6rde dijital d\u00f6n\u00fc\u015f\u00fcm konular\u0131nda de\u011ferli g\u00f6r\u00fc\u015flerini aktard\u0131lar.\t\t\t\t\t\t\t\t<\/div>\n\t\t\t\t<\/div>\n\t\t\t\t<div class=\"elementor-element elementor-element-c73e408 elementor-widget elementor-widget-text-editor\" data-id=\"c73e408\" data-element_type=\"widget\" data-e-type=\"widget\" data-widget_type=\"text-editor.default\">\n\t\t\t\t<div class=\"elementor-widget-container\">\n\t\t\t\t\t\t\t\t\t<p><strong>\u00dc\u00c7GE\u2019nin Kad\u0131n Y\u00f6neticilerine \u00d6d\u00fcl<\/strong><\/p>\t\t\t\t\t\t\t\t<\/div>\n\t\t\t\t<\/div>\n\t\t\t\t\t<\/div>\n\t\t<\/div>\n\t\t\t\t\t<\/div>\n\t\t<\/section>\n\t\t\t\t<section class=\"elementor-section elementor-top-section elementor-element elementor-element-f0c727e elementor-section-boxed elementor-section-height-default elementor-section-height-default\" data-id=\"f0c727e\" data-element_type=\"section\" data-e-type=\"section\">\n\t\t\t\t\t\t<div class=\"elementor-container elementor-column-gap-default\">\n\t\t\t\t\t<div class=\"elementor-column elementor-col-33 elementor-top-column elementor-element elementor-element-a6c2117\" data-id=\"a6c2117\" data-element_type=\"column\" data-e-type=\"column\">\n\t\t\t<div class=\"elementor-widget-wrap elementor-element-populated\">\n\t\t\t\t\t\t<div class=\"elementor-element elementor-element-72d9364 elementor-widget elementor-widget-image\" data-id=\"72d9364\" data-element_type=\"widget\" data-e-type=\"widget\" data-widget_type=\"image.default\">\n\t\t\t\t<div class=\"elementor-widget-container\">\n\t\t\t\t\t\t\t\t\t\t\t\t\t\t\t<img decoding=\"async\" width=\"1024\" height=\"576\" src=\"https:\/\/ucge.com\/wp-content\/uploads\/2023\/10\/DSC0411-1024x576.jpg\" class=\"attachment-large size-large wp-image-24215\" alt=\"\u00dc\u00c7GE, 5. Dijital CEO ve Liderler Zirvesi\u2019nde-04\" srcset=\"https:\/\/ucge.com\/wp-content\/uploads\/2023\/10\/DSC0411-1024x576.jpg 1024w, https:\/\/ucge.com\/wp-content\/uploads\/2023\/10\/DSC0411-300x169.jpg 300w, https:\/\/ucge.com\/wp-content\/uploads\/2023\/10\/DSC0411-768x432.jpg 768w, https:\/\/ucge.com\/wp-content\/uploads\/2023\/10\/DSC0411-1536x864.jpg 1536w, https:\/\/ucge.com\/wp-content\/uploads\/2023\/10\/DSC0411-18x10.jpg 18w, https:\/\/ucge.com\/wp-content\/uploads\/2023\/10\/DSC0411-1200x675.jpg 1200w, https:\/\/ucge.com\/wp-content\/uploads\/2023\/10\/DSC0411.jpg 1920w\" sizes=\"(max-width: 709px) 85vw, (max-width: 909px) 67vw, (max-width: 1362px) 62vw, 840px\" \/>\t\t\t\t\t\t\t\t\t\t\t\t\t\t\t<\/div>\n\t\t\t\t<\/div>\n\t\t\t\t\t<\/div>\n\t\t<\/div>\n\t\t\t\t<div class=\"elementor-column elementor-col-33 elementor-top-column elementor-element elementor-element-a0a1bce\" data-id=\"a0a1bce\" data-element_type=\"column\" data-e-type=\"column\">\n\t\t\t<div class=\"elementor-widget-wrap elementor-element-populated\">\n\t\t\t\t\t\t<div class=\"elementor-element elementor-element-4a04233 elementor-widget elementor-widget-image\" data-id=\"4a04233\" data-element_type=\"widget\" data-e-type=\"widget\" data-widget_type=\"image.default\">\n\t\t\t\t<div class=\"elementor-widget-container\">\n\t\t\t\t\t\t\t\t\t\t\t\t\t\t\t<img loading=\"lazy\" decoding=\"async\" width=\"1024\" height=\"576\" src=\"https:\/\/ucge.com\/wp-content\/uploads\/2023\/10\/DSC0398-1024x576.jpg\" class=\"attachment-large size-large wp-image-24214\" alt=\"\u00dc\u00c7GE, 5. Dijital CEO ve Liderler Zirvesi\u2019nde-05\" srcset=\"https:\/\/ucge.com\/wp-content\/uploads\/2023\/10\/DSC0398-1024x576.jpg 1024w, https:\/\/ucge.com\/wp-content\/uploads\/2023\/10\/DSC0398-300x169.jpg 300w, https:\/\/ucge.com\/wp-content\/uploads\/2023\/10\/DSC0398-768x432.jpg 768w, https:\/\/ucge.com\/wp-content\/uploads\/2023\/10\/DSC0398-1536x864.jpg 1536w, https:\/\/ucge.com\/wp-content\/uploads\/2023\/10\/DSC0398-18x10.jpg 18w, https:\/\/ucge.com\/wp-content\/uploads\/2023\/10\/DSC0398-1200x675.jpg 1200w, https:\/\/ucge.com\/wp-content\/uploads\/2023\/10\/DSC0398.jpg 1920w\" sizes=\"(max-width: 709px) 85vw, (max-width: 909px) 67vw, (max-width: 1362px) 62vw, 840px\" \/>\t\t\t\t\t\t\t\t\t\t\t\t\t\t\t<\/div>\n\t\t\t\t<\/div>\n\t\t\t\t\t<\/div>\n\t\t<\/div>\n\t\t\t\t<div class=\"elementor-column elementor-col-33 elementor-top-column elementor-element elementor-element-6e54fcc\" data-id=\"6e54fcc\" data-element_type=\"column\" data-e-type=\"column\">\n\t\t\t<div class=\"elementor-widget-wrap elementor-element-populated\">\n\t\t\t\t\t\t<div class=\"elementor-element elementor-element-48990a4 elementor-widget elementor-widget-image\" data-id=\"48990a4\" data-element_type=\"widget\" data-e-type=\"widget\" data-widget_type=\"image.default\">\n\t\t\t\t<div class=\"elementor-widget-container\">\n\t\t\t\t\t\t\t\t\t\t\t\t\t\t\t<img loading=\"lazy\" decoding=\"async\" width=\"1024\" height=\"576\" src=\"https:\/\/ucge.com\/wp-content\/uploads\/2023\/10\/DSC0391-1024x576.jpg\" class=\"attachment-large size-large wp-image-24213\" alt=\"\u00dc\u00c7GE, 5. Dijital CEO ve Liderler Zirvesi\u2019nde-06\" srcset=\"https:\/\/ucge.com\/wp-content\/uploads\/2023\/10\/DSC0391-1024x576.jpg 1024w, https:\/\/ucge.com\/wp-content\/uploads\/2023\/10\/DSC0391-300x169.jpg 300w, https:\/\/ucge.com\/wp-content\/uploads\/2023\/10\/DSC0391-768x432.jpg 768w, https:\/\/ucge.com\/wp-content\/uploads\/2023\/10\/DSC0391-1536x864.jpg 1536w, https:\/\/ucge.com\/wp-content\/uploads\/2023\/10\/DSC0391-18x10.jpg 18w, https:\/\/ucge.com\/wp-content\/uploads\/2023\/10\/DSC0391-1200x675.jpg 1200w, https:\/\/ucge.com\/wp-content\/uploads\/2023\/10\/DSC0391.jpg 1920w\" sizes=\"(max-width: 709px) 85vw, (max-width: 909px) 67vw, (max-width: 1362px) 62vw, 840px\" \/>\t\t\t\t\t\t\t\t\t\t\t\t\t\t\t<\/div>\n\t\t\t\t<\/div>\n\t\t\t\t\t<\/div>\n\t\t<\/div>\n\t\t\t\t\t<\/div>\n\t\t<\/section>\n\t\t\t\t<section class=\"elementor-section elementor-top-section elementor-element elementor-element-0fa0c34 elementor-section-boxed elementor-section-height-default elementor-section-height-default\" data-id=\"0fa0c34\" data-element_type=\"section\" data-e-type=\"section\">\n\t\t\t\t\t\t<div class=\"elementor-container elementor-column-gap-default\">\n\t\t\t\t\t<div class=\"elementor-column elementor-col-100 elementor-top-column elementor-element elementor-element-cb3ad6c\" data-id=\"cb3ad6c\" data-element_type=\"column\" data-e-type=\"column\">\n\t\t\t<div class=\"elementor-widget-wrap elementor-element-populated\">\n\t\t\t\t\t\t<div class=\"elementor-element elementor-element-8f6ebe2 elementor-widget elementor-widget-text-editor\" data-id=\"8f6ebe2\" data-element_type=\"widget\" data-e-type=\"widget\" data-widget_type=\"text-editor.default\">\n\t\t\t\t<div class=\"elementor-widget-container\">\n\t\t\t\t\t\t\t\t\tZirvenin ilk g\u00fcn\u00fc ak\u015fam\u0131nda ger\u00e7ekle\u015fen \u00f6d\u00fcl t\u00f6reninde Katoen Natie T\u00fcrkiye Genel M\u00fcd\u00fcr\u00fc Say\u0131n Sinan Beyaz\u0131t taraf\u0131ndan \u00dc\u00c7GE Y\u00f6netim Kurulu Ba\u015fkan\u0131 Damla Aras\u2019a \u201cTopluma \u0130lham Veren ve De\u011fer Katan Kad\u0131n Y\u00f6netici\u201d \u00f6d\u00fcl\u00fc, Eti Y\u00f6netim Kurulu \u00dcyesi Say\u0131n Hakan Polato\u011flu taraf\u0131ndan \u00dc\u00c7GE Grup \u015eirketleri Ba\u015fkan\u0131 Esra G\u00fcven\u2019e \u201cTopluma \u0130lham Veren ve De\u011fer Katan 10 Kad\u0131n Y\u00f6netici\u201d \u00f6d\u00fcl\u00fc takdim edildi. Zirve \u00f6d\u00fcl t\u00f6reninde, \u00dc\u00c7GE Y\u00f6netim Kurulu Ba\u015fkan\u0131 Can Aras, Sumitomo SumiSertMetal CEO\u2019su Say\u0131n Emine Akmana \u201cTopluma \u0130lham Veren ve De\u011fer Katan 10 Kad\u0131n Y\u00f6netici\u201d \u00f6d\u00fcl\u00fcn\u00fc takdim etti.\t\t\t\t\t\t\t\t<\/div>\n\t\t\t\t<\/div>\n\t\t\t\t<div class=\"elementor-element elementor-element-efd0196 elementor-widget elementor-widget-text-editor\" data-id=\"efd0196\" data-element_type=\"widget\" data-e-type=\"widget\" data-widget_type=\"text-editor.default\">\n\t\t\t\t<div class=\"elementor-widget-container\">\n\t\t\t\t\t\t\t\t\tEtkinlik sonras\u0131 g\u00f6r\u00fc\u015flerini aktaran \u00dc\u00c7GE Y\u00f6netim Kurulu Ba\u015fkan\u0131 Damla Aras, \u201c Global pazar\u0131n \u00f6nemli markalar\u0131ndan biri olarak sekt\u00f6r\u00fcm\u00fcz\u00fcn ve \u015firketlerimizin gelece\u011fe haz\u0131r olmas\u0131n\u0131 sa\u011flamak amac\u0131yla biz de b\u00fcy\u00fck bir de\u011fi\u015fim ve d\u00f6n\u00fc\u015f\u00fcm i\u00e7indeyiz. Bu geli\u015fmeler \u0131\u015f\u0131\u011f\u0131nda hedef ve stratejilerimizi Gelecek 100 y\u0131lda \u2018Gelece\u011fe De\u011fer\u2019 yaratmak vizyonu olarak g\u00fcncelledik ve bu gaye ile harekete ge\u00e7tik. Gelece\u011fe y\u00f6nelik bak\u0131\u015f a\u00e7\u0131m\u0131z\u0131; insan, s\u00fcrd\u00fcr\u00fclebilirlik, s\u00fcrekli geli\u015fim ve yeni nesil teknolojilere odaklanarak \u015fekillendiriyoruz. \u0130\u015f d\u00fcnyas\u0131n\u0131n d\u00f6n\u00fc\u015f\u00fcm\u00fcnde \u00f6nc\u00fc bir rol oynamak, toplum ve \u00e7evresel sorumlulu\u011fumuzu yerine getirmek i\u00e7in \u00e7al\u0131\u015f\u0131yoruz. Vizyon 100 platformunda i\u015f d\u00fcnyas\u0131n\u0131n \u00e7ok de\u011ferli liderleri ile bir araya geldik, sekt\u00f6rlerimizin gelece\u011fini \u015fekillendirecek ba\u015fl\u0131klarda \u00f6nemli fikir al\u0131\u015fveri\u015finde bulunduk. Cumhuriyetimizin gelecek y\u00fczy\u0131l\u0131nda i\u015f d\u00fcnyas\u0131na \u0131\u015f\u0131k tutan bu anlaml\u0131 organizasyon i\u00e7in Vizyon 100 platformu ailesine ve etkinlikte yer alan de\u011ferli kat\u0131l\u0131mc\u0131lara te\u015fekk\u00fcrlerizi sunuyoruz.\u201d dedi. \t\t\t\t\t\t\t\t<\/div>\n\t\t\t\t<\/div>\n\t\t\t\t<div class=\"elementor-element elementor-element-88eec68 elementor-widget elementor-widget-image\" data-id=\"88eec68\" data-element_type=\"widget\" data-e-type=\"widget\" data-widget_type=\"image.default\">\n\t\t\t\t<div class=\"elementor-widget-container\">\n\t\t\t\t\t\t\t\t\t\t\t\t\t\t\t<img loading=\"lazy\" decoding=\"async\" width=\"1024\" height=\"576\" src=\"https:\/\/ucge.com\/wp-content\/uploads\/2023\/10\/DSC0426-1024x576.jpg\" class=\"attachment-large size-large wp-image-24224\" alt=\"\u00dc\u00c7GE, 5. Dijital CEO ve Liderler Zirvesi\u2019nde-01\" srcset=\"https:\/\/ucge.com\/wp-content\/uploads\/2023\/10\/DSC0426-1024x576.jpg 1024w, https:\/\/ucge.com\/wp-content\/uploads\/2023\/10\/DSC0426-300x169.jpg 300w, https:\/\/ucge.com\/wp-content\/uploads\/2023\/10\/DSC0426-768x432.jpg 768w, https:\/\/ucge.com\/wp-content\/uploads\/2023\/10\/DSC0426-1536x864.jpg 1536w, https:\/\/ucge.com\/wp-content\/uploads\/2023\/10\/DSC0426-18x10.jpg 18w, https:\/\/ucge.com\/wp-content\/uploads\/2023\/10\/DSC0426-1200x675.jpg 1200w, https:\/\/ucge.com\/wp-content\/uploads\/2023\/10\/DSC0426.jpg 1920w\" sizes=\"(max-width: 709px) 85vw, (max-width: 909px) 67vw, (max-width: 1362px) 62vw, 840px\" \/>\t\t\t\t\t\t\t\t\t\t\t\t\t\t\t<\/div>\n\t\t\t\t<\/div>\n\t\t\t\t\t<\/div>\n\t\t<\/div>\n\t\t\t\t\t<\/div>\n\t\t<\/section>\n\t\t\t\t<\/div>","protected":false},"excerpt":{"rendered":"<p>5-7 Ekim tarihleri aras\u0131nda \u0130zmir\u2019de 300 \u00fcst d\u00fczey y\u00f6neticinin kat\u0131l\u0131m\u0131yla ger\u00e7ekle\u015fen Vizyon 100 Etkinlik Platformunun 5. Dijital CEO ve Liderler Zirvesi\u2019nde \u00dc\u00c7GE, etkinli\u011fin katk\u0131 veren firmalar\u0131 aras\u0131nda yer ald\u0131. Zirvede ger\u00e7ekle\u015ftirilen \u00f6d\u00fcl t\u00f6reninde \u00dc\u00c7GE Y\u00f6netim Kurulu Ba\u015fkan\u0131 Damla Aras ve \u00dc\u00c7GE Grup \u015eirketleri Ba\u015fkan\u0131 Esra G\u00fcven \u201cTopluma \u0130lham Veren ve De\u011fer Katan Kad\u0131n Y\u00f6netici\u201d \u00f6d\u00fcl\u00fcne &hellip; <a href=\"https:\/\/ucge.com\/en\/ucge-5-dijital-ceo-ve-liderler-zirvesinde\/\" class=\"more-link\">Continue reading<span class=\"screen-reader-text\"> &#8220;\u00dc\u00c7GE, 5. Dijital CEO ve Liderler Zirvesi\u2019nde&#8221;<\/span><\/a><\/p>","protected":false},"author":2,"featured_media":24211,"comment_status":"closed","ping_status":"closed","sticky":false,"template":"","format":"standard","meta":{"footnotes":""},"categories":[19],"tags":[],"class_list":["post-24210","post","type-post","status-publish","format-standard","has-post-thumbnail","hentry","category-haberler"],"_links":{"self":[{"href":"https:\/\/ucge.com\/en\/wp-json\/wp\/v2\/posts\/24210","targetHints":{"allow":["GET"]}}],"collection":[{"href":"https:\/\/ucge.com\/en\/wp-json\/wp\/v2\/posts"}],"about":[{"href":"https:\/\/ucge.com\/en\/wp-json\/wp\/v2\/types\/post"}],"author":[{"embeddable":true,"href":"https:\/\/ucge.com\/en\/wp-json\/wp\/v2\/users\/2"}],"replies":[{"embeddable":true,"href":"https:\/\/ucge.com\/en\/wp-json\/wp\/v2\/comments?post=24210"}],"version-history":[{"count":0,"href":"https:\/\/ucge.com\/en\/wp-json\/wp\/v2\/posts\/24210\/revisions"}],"wp:featuredmedia":[{"embeddable":true,"href":"https:\/\/ucge.com\/en\/wp-json\/wp\/v2\/media\/24211"}],"wp:attachment":[{"href":"https:\/\/ucge.com\/en\/wp-json\/wp\/v2\/media?parent=24210"}],"wp:term":[{"taxonomy":"category","embeddable":true,"href":"https:\/\/ucge.com\/en\/wp-json\/wp\/v2\/categories?post=24210"},{"taxonomy":"post_tag","embeddable":true,"href":"https:\/\/ucge.com\/en\/wp-json\/wp\/v2\/tags?post=24210"}],"curies":[{"name":"wp","href":"https:\/\/api.w.org\/{rel}","templated":true}]}}