{"id":26338,"date":"2024-01-23T15:26:51","date_gmt":"2024-01-23T12:26:51","guid":{"rendered":"https:\/\/ucge.com\/?p=26338"},"modified":"2024-02-13T11:25:44","modified_gmt":"2024-02-13T08:25:44","slug":"damla-aras-leaders-summit","status":"publish","type":"post","link":"https:\/\/ucge.com\/en\/damla-aras-liderler-zirvesinde\/","title":{"rendered":"Damla Aras Presented Perspectives to the Business World at the Leaders Summit"},"content":{"rendered":"<div data-elementor-type=\"wp-post\" data-elementor-id=\"26338\" class=\"elementor elementor-26338\" data-elementor-post-type=\"post\">\n\t\t\t\t\t\t<section class=\"elementor-section elementor-top-section elementor-element elementor-element-51e38ce elementor-section-boxed elementor-section-height-default elementor-section-height-default\" data-id=\"51e38ce\" data-element_type=\"section\" data-e-type=\"section\">\n\t\t\t\t\t\t<div class=\"elementor-container elementor-column-gap-default\">\n\t\t\t\t\t<div class=\"elementor-column elementor-col-100 elementor-top-column elementor-element elementor-element-74b8c26\" data-id=\"74b8c26\" data-element_type=\"column\" data-e-type=\"column\">\n\t\t\t<div class=\"elementor-widget-wrap elementor-element-populated\">\n\t\t\t\t\t\t<div class=\"elementor-element elementor-element-497785c elementor-widget elementor-widget-image\" data-id=\"497785c\" data-element_type=\"widget\" data-e-type=\"widget\" data-widget_type=\"image.default\">\n\t\t\t\t<div class=\"elementor-widget-container\">\n\t\t\t\t\t\t\t\t\t\t\t\t\t\t\t<img fetchpriority=\"high\" decoding=\"async\" width=\"1024\" height=\"373\" src=\"https:\/\/ucge.com\/wp-content\/uploads\/2024\/01\/Adsiz-tasarim-1.jpg\" class=\"attachment-large size-large wp-image-26339\" alt=\"Damla Aras Liderler Zirvesi&#039;nde \u0130\u015f D\u00fcnyas\u0131na Perspektifler Sundu-01\" srcset=\"https:\/\/ucge.com\/wp-content\/uploads\/2024\/01\/Adsiz-tasarim-1.jpg 1024w, https:\/\/ucge.com\/wp-content\/uploads\/2024\/01\/Adsiz-tasarim-1-300x109.jpg 300w, https:\/\/ucge.com\/wp-content\/uploads\/2024\/01\/Adsiz-tasarim-1-768x280.jpg 768w, https:\/\/ucge.com\/wp-content\/uploads\/2024\/01\/Adsiz-tasarim-1-18x7.jpg 18w\" sizes=\"(max-width: 709px) 85vw, (max-width: 909px) 67vw, (max-width: 1362px) 62vw, 840px\" \/>\t\t\t\t\t\t\t\t\t\t\t\t\t\t\t<\/div>\n\t\t\t\t<\/div>\n\t\t\t\t\t<\/div>\n\t\t<\/div>\n\t\t\t\t\t<\/div>\n\t\t<\/section>\n\t\t\t\t<section class=\"elementor-section elementor-top-section elementor-element elementor-element-7e0b5220 elementor-section-boxed elementor-section-height-default elementor-section-height-default\" data-id=\"7e0b5220\" data-element_type=\"section\" data-e-type=\"section\">\n\t\t\t\t\t\t<div class=\"elementor-container elementor-column-gap-default\">\n\t\t\t\t\t<div class=\"elementor-column elementor-col-100 elementor-top-column elementor-element elementor-element-66dbbab5\" data-id=\"66dbbab5\" data-element_type=\"column\" data-e-type=\"column\">\n\t\t\t<div class=\"elementor-widget-wrap elementor-element-populated\">\n\t\t\t\t\t\t<div class=\"elementor-element elementor-element-ec043e8 elementor-widget elementor-widget-heading\" data-id=\"ec043e8\" data-element_type=\"widget\" data-e-type=\"widget\" data-widget_type=\"heading.default\">\n\t\t\t\t<div class=\"elementor-widget-container\">\n\t\t\t\t\t<h1 class=\"elementor-heading-title elementor-size-default\">Damla Aras Liderler Zirvesi'nde \u0130\u015f D\u00fcnyas\u0131na Perspektifler Sundu<\/h1>\t\t\t\t<\/div>\n\t\t\t\t<\/div>\n\t\t\t\t<div class=\"elementor-element elementor-element-60dc4e45 elementor-widget elementor-widget-text-editor\" data-id=\"60dc4e45\" data-element_type=\"widget\" data-e-type=\"widget\" data-widget_type=\"text-editor.default\">\n\t\t\t\t<div class=\"elementor-widget-container\">\n\t\t\t\t\t\t\t\t\t<p>At the 5th Digital CEO and Leaders Summit held in \u00c7e\u015fme, Damla Aras assessed the future of the business world with her Vision 100 book entitled \"Digital CEO \/ Next 100 Years \/ 2023 \", which was specially presented to the participants. Aras' speech in the Executive Opinions section, entitled \"Creating Value for the Future in the New Century\", offered important perspectives for the business world.<\/p><p>Big Opportunities for Businesses Through Digital Transformation<\/p><p>Referring to the challenges facing businesses in the fight against pandemics, climate change, natural disasters and economic crises, Aras stressed that digital transformation has the potential to turn these challenges into opportunities. He explained that the process of transforming the way businesses operate will play a critical role in shaping the future of business.<\/p><p>Digitalisation in Retail, Logistics and Industrial Sectors<\/p><p>Aras, perakende, lojistik ve sanayi sekt\u00f6rlerini derinden etkileyen dijitalle\u015fmenin, i\u015f yap\u0131\u015f bi\u00e7imlerini etkiledi\u011fini belirtti. Gelece\u011fin teknolojisi aras\u0131nda e-ticaret platformlar\u0131, ak\u0131ll\u0131 ma\u011fazac\u0131l\u0131k konseptleri ve veri analiti\u011fi gibi fakt\u00f6rlerin, t\u00fcketicilerin beklentilerini daha iyi anlamada \u00f6nemli bir rol oynayaca\u011f\u0131n\u0131 vurgulad\u0131.<\/p><p>Digital Merchandising and Personalised Experience<\/p><p>Noting that the belief that stores will shrink in the retail sector with rapid digitalisation has been updated as digital stores and personalised experience space, Aras stated that strengthening digital infrastructure and adopting data-driven solutions will provide competitive advantage in the sector. In addition, Aras highlighted the importance of data security measures, stating that sensitivity to personal data protection plays a critical role in creating a trusted brand.<\/p><p>\u00dc\u00c7GE's Vision for the Future.<\/p><p>Damla Aras stated that \u00dc\u00c7GE will continue to provide solutions that adapt to changing consumer expectations in retail, logistics and environmental technologies by combining its many years of experience in the sector with innovative perspectives brought by the future. \u00dc\u00c7GE, which aims to lead the digital transformation of the sector with its Blu.xone brand and strong partner ecosystem, will continue to shape the future of the sector by bringing together innovations.<\/p>\t\t\t\t\t\t\t\t<\/div>\n\t\t\t\t<\/div>\n\t\t\t\t\t<\/div>\n\t\t<\/div>\n\t\t\t\t\t<\/div>\n\t\t<\/section>\n\t\t\t\t<\/div>","protected":false},"excerpt":{"rendered":"<p>Damla Aras Liderler Zirvesi&#8217;nde \u0130\u015f D\u00fcnyas\u0131na Perspektifler Sundu \u00c7e\u015fme&#8217;de d\u00fczenlenen 5. Dijital CEO ve Liderler Zirvesi&#8217;nde Damla Aras, kat\u0131l\u0131mc\u0131lara \u00f6zel olarak sunulan &#8220;Dijital CEO \/ Gelecek 100 Y\u0131l \/ 2023 -&gt; \u221e&#8221; ba\u015fl\u0131kl\u0131 Vizyon 100 kitab\u0131 ile i\u015f d\u00fcnyas\u0131n\u0131n gelece\u011fini de\u011ferlendirdi. Aras&#8217;\u0131n &#8220;Y\u00f6netici G\u00f6r\u00fc\u015fleri&#8221; b\u00f6l\u00fcm\u00fcndeki konu\u015fmas\u0131, &#8220;Yeni Y\u00fczy\u0131lda Gelece\u011fe De\u011fer Yaratmak&#8221; ba\u015fl\u0131\u011f\u0131 alt\u0131nda, i\u015f d\u00fcnyas\u0131na &hellip; <a href=\"https:\/\/ucge.com\/en\/damla-aras-liderler-zirvesinde\/\" class=\"more-link\">Continue reading<span class=\"screen-reader-text\"> &#8220;Damla Aras Liderler Zirvesi&#8217;nde \u0130\u015f D\u00fcnyas\u0131na Perspektifler Sundu&#8221;<\/span><\/a><\/p>","protected":false},"author":2,"featured_media":26339,"comment_status":"closed","ping_status":"closed","sticky":false,"template":"elementor_header_footer","format":"standard","meta":{"footnotes":""},"categories":[19],"tags":[],"class_list":["post-26338","post","type-post","status-publish","format-standard","has-post-thumbnail","hentry","category-haberler"],"_links":{"self":[{"href":"https:\/\/ucge.com\/en\/wp-json\/wp\/v2\/posts\/26338","targetHints":{"allow":["GET"]}}],"collection":[{"href":"https:\/\/ucge.com\/en\/wp-json\/wp\/v2\/posts"}],"about":[{"href":"https:\/\/ucge.com\/en\/wp-json\/wp\/v2\/types\/post"}],"author":[{"embeddable":true,"href":"https:\/\/ucge.com\/en\/wp-json\/wp\/v2\/users\/2"}],"replies":[{"embeddable":true,"href":"https:\/\/ucge.com\/en\/wp-json\/wp\/v2\/comments?post=26338"}],"version-history":[{"count":0,"href":"https:\/\/ucge.com\/en\/wp-json\/wp\/v2\/posts\/26338\/revisions"}],"wp:featuredmedia":[{"embeddable":true,"href":"https:\/\/ucge.com\/en\/wp-json\/wp\/v2\/media\/26339"}],"wp:attachment":[{"href":"https:\/\/ucge.com\/en\/wp-json\/wp\/v2\/media?parent=26338"}],"wp:term":[{"taxonomy":"category","embeddable":true,"href":"https:\/\/ucge.com\/en\/wp-json\/wp\/v2\/categories?post=26338"},{"taxonomy":"post_tag","embeddable":true,"href":"https:\/\/ucge.com\/en\/wp-json\/wp\/v2\/tags?post=26338"}],"curies":[{"name":"wp","href":"https:\/\/api.w.org\/{rel}","templated":true}]}}