{"id":28079,"date":"2024-03-12T08:49:22","date_gmt":"2024-03-12T05:49:22","guid":{"rendered":"https:\/\/ucge.com\/?p=28079"},"modified":"2024-03-12T08:54:31","modified_gmt":"2024-03-12T05:54:31","slug":"ucge-shows-red-card-on-womens-day","status":"publish","type":"post","link":"https:\/\/ucge.com\/en\/ucge-kadinlar-gununde-kirmizi-kart-gosterdi\/","title":{"rendered":"\u00dc\u00c7GE Shows Red Card on Women's Day"},"content":{"rendered":"<div data-elementor-type=\"wp-post\" data-elementor-id=\"28079\" class=\"elementor elementor-28079\" data-elementor-post-type=\"post\">\n\t\t\t\t\t\t<section class=\"elementor-section elementor-top-section elementor-element elementor-element-7284941 elementor-section-boxed elementor-section-height-default elementor-section-height-default\" data-id=\"7284941\" data-element_type=\"section\" data-e-type=\"section\">\n\t\t\t\t\t\t<div class=\"elementor-container elementor-column-gap-default\">\n\t\t\t\t\t<div class=\"elementor-column elementor-col-100 elementor-top-column elementor-element elementor-element-8f34c1c\" data-id=\"8f34c1c\" data-element_type=\"column\" data-e-type=\"column\">\n\t\t\t<div class=\"elementor-widget-wrap elementor-element-populated\">\n\t\t\t\t\t\t<div class=\"elementor-element elementor-element-0b9b8af elementor-widget elementor-widget-image\" data-id=\"0b9b8af\" data-element_type=\"widget\" data-e-type=\"widget\" data-widget_type=\"image.default\">\n\t\t\t\t<div class=\"elementor-widget-container\">\n\t\t\t\t\t\t\t\t\t\t\t\t\t\t\t<img fetchpriority=\"high\" decoding=\"async\" width=\"1920\" height=\"711\" src=\"https:\/\/ucge.com\/wp-content\/uploads\/kadinlar-gununde-kirmizi-kart-1.jpg\" class=\"attachment-full size-full wp-image-28095\" alt=\"kad\u0131nlar g\u00fcn\u00fcnde k\u0131rm\u0131z\u0131 kart (1)\" srcset=\"https:\/\/ucge.com\/wp-content\/uploads\/kadinlar-gununde-kirmizi-kart-1.jpg 1920w, https:\/\/ucge.com\/wp-content\/uploads\/kadinlar-gununde-kirmizi-kart-1-300x111.jpg 300w, https:\/\/ucge.com\/wp-content\/uploads\/kadinlar-gununde-kirmizi-kart-1-1024x379.jpg 1024w, https:\/\/ucge.com\/wp-content\/uploads\/kadinlar-gununde-kirmizi-kart-1-768x284.jpg 768w, https:\/\/ucge.com\/wp-content\/uploads\/kadinlar-gununde-kirmizi-kart-1-1536x569.jpg 1536w, https:\/\/ucge.com\/wp-content\/uploads\/kadinlar-gununde-kirmizi-kart-1-18x7.jpg 18w, https:\/\/ucge.com\/wp-content\/uploads\/kadinlar-gununde-kirmizi-kart-1-1200x444.jpg 1200w\" sizes=\"(max-width: 709px) 85vw, (max-width: 909px) 67vw, (max-width: 1362px) 62vw, 840px\" \/>\t\t\t\t\t\t\t\t\t\t\t\t\t\t\t<\/div>\n\t\t\t\t<\/div>\n\t\t\t\t<div class=\"elementor-element elementor-element-d0274b2 elementor-widget elementor-widget-heading\" data-id=\"d0274b2\" data-element_type=\"widget\" data-e-type=\"widget\" data-widget_type=\"heading.default\">\n\t\t\t\t<div class=\"elementor-widget-container\">\n\t\t\t\t\t<h1 class=\"elementor-heading-title elementor-size-default\">\u00dc\u00c7GE Shows Red Card on Women's Day<\/h1>\t\t\t\t<\/div>\n\t\t\t\t<\/div>\n\t\t\t\t<div class=\"elementor-element elementor-element-67cf1b7 elementor-widget elementor-widget-text-editor\" data-id=\"67cf1b7\" data-element_type=\"widget\" data-e-type=\"widget\" data-widget_type=\"text-editor.default\">\n\t\t\t\t<div class=\"elementor-widget-container\">\n\t\t\t\t\t\t\t\t\t\u00dc\u00c7GE drew attention to women's rights and raised social awareness with the motto \"My Color is Red\"\t\t\t\t\t\t\t\t<\/div>\n\t\t\t\t<\/div>\n\t\t\t\t<div class=\"elementor-element elementor-element-f7078a8 elementor-widget elementor-widget-text-editor\" data-id=\"f7078a8\" data-element_type=\"widget\" data-e-type=\"widget\" data-widget_type=\"text-editor.default\">\n\t\t\t\t<div class=\"elementor-widget-container\">\n\t\t\t\t\t\t\t\t\t\u00dc\u00c7GE organized a special event with the theme \"My Color is Red\" to draw attention to gender inequality in order to ensure gender equality on the basis of diversity, equality and inclusiveness, and to draw attention to the issues of women being more involved in business life and leadership roles by recognizing the value they deserve. The event, hosted by \u00dc\u00c7GE, aimed to raise awareness against gender inequality.\n\nTranslated with DeepL.com (free version) \t\t\t\t\t\t\t\t<\/div>\n\t\t\t\t<\/div>\n\t\t\t\t\t<\/div>\n\t\t<\/div>\n\t\t\t\t\t<\/div>\n\t\t<\/section>\n\t\t\t\t<section class=\"elementor-section elementor-top-section elementor-element elementor-element-64f5880 elementor-section-boxed elementor-section-height-default elementor-section-height-default\" data-id=\"64f5880\" data-element_type=\"section\" data-e-type=\"section\">\n\t\t\t\t\t\t<div class=\"elementor-container elementor-column-gap-default\">\n\t\t\t\t\t<div class=\"elementor-column elementor-col-50 elementor-top-column elementor-element elementor-element-74097b7\" data-id=\"74097b7\" data-element_type=\"column\" data-e-type=\"column\">\n\t\t\t<div class=\"elementor-widget-wrap elementor-element-populated\">\n\t\t\t\t\t\t<div class=\"elementor-element elementor-element-31f37af elementor-widget elementor-widget-image\" data-id=\"31f37af\" data-element_type=\"widget\" data-e-type=\"widget\" data-widget_type=\"image.default\">\n\t\t\t\t<div class=\"elementor-widget-container\">\n\t\t\t\t\t\t\t\t\t\t\t\t\t\t\t<img decoding=\"async\" width=\"1024\" height=\"1024\" src=\"https:\/\/ucge.com\/wp-content\/uploads\/benim-rengim-kirmizi-2-1024x1024.jpg\" class=\"attachment-large size-large wp-image-28083\" alt=\"benim rengim k\u0131rm\u0131z\u0131 2\" srcset=\"https:\/\/ucge.com\/wp-content\/uploads\/benim-rengim-kirmizi-2-1024x1024.jpg 1024w, https:\/\/ucge.com\/wp-content\/uploads\/benim-rengim-kirmizi-2-300x300.jpg 300w, https:\/\/ucge.com\/wp-content\/uploads\/benim-rengim-kirmizi-2-150x150.jpg 150w, https:\/\/ucge.com\/wp-content\/uploads\/benim-rengim-kirmizi-2-768x768.jpg 768w, https:\/\/ucge.com\/wp-content\/uploads\/benim-rengim-kirmizi-2-12x12.jpg 12w, https:\/\/ucge.com\/wp-content\/uploads\/benim-rengim-kirmizi-2.jpg 1080w\" sizes=\"(max-width: 709px) 85vw, (max-width: 909px) 67vw, (max-width: 1362px) 62vw, 840px\" \/>\t\t\t\t\t\t\t\t\t\t\t\t\t\t\t<\/div>\n\t\t\t\t<\/div>\n\t\t\t\t\t<\/div>\n\t\t<\/div>\n\t\t\t\t<div class=\"elementor-column elementor-col-50 elementor-top-column elementor-element elementor-element-9baa14f\" data-id=\"9baa14f\" data-element_type=\"column\" data-e-type=\"column\">\n\t\t\t<div class=\"elementor-widget-wrap elementor-element-populated\">\n\t\t\t\t\t\t<div class=\"elementor-element elementor-element-a66c444 elementor-widget elementor-widget-image\" data-id=\"a66c444\" data-element_type=\"widget\" data-e-type=\"widget\" data-widget_type=\"image.default\">\n\t\t\t\t<div class=\"elementor-widget-container\">\n\t\t\t\t\t\t\t\t\t\t\t\t\t\t\t<img decoding=\"async\" width=\"1024\" height=\"1024\" src=\"https:\/\/ucge.com\/wp-content\/uploads\/benim-rengim-kirmizi-1-1024x1024.jpg\" class=\"attachment-large size-large wp-image-28082\" alt=\"benim rengim k\u0131rm\u0131z\u0131 1\" srcset=\"https:\/\/ucge.com\/wp-content\/uploads\/benim-rengim-kirmizi-1-1024x1024.jpg 1024w, https:\/\/ucge.com\/wp-content\/uploads\/benim-rengim-kirmizi-1-300x300.jpg 300w, https:\/\/ucge.com\/wp-content\/uploads\/benim-rengim-kirmizi-1-150x150.jpg 150w, https:\/\/ucge.com\/wp-content\/uploads\/benim-rengim-kirmizi-1-768x768.jpg 768w, https:\/\/ucge.com\/wp-content\/uploads\/benim-rengim-kirmizi-1-12x12.jpg 12w, https:\/\/ucge.com\/wp-content\/uploads\/benim-rengim-kirmizi-1.jpg 1080w\" sizes=\"(max-width: 709px) 85vw, (max-width: 909px) 67vw, (max-width: 1362px) 62vw, 840px\" \/>\t\t\t\t\t\t\t\t\t\t\t\t\t\t\t<\/div>\n\t\t\t\t<\/div>\n\t\t\t\t\t<\/div>\n\t\t<\/div>\n\t\t\t\t\t<\/div>\n\t\t<\/section>\n\t\t\t\t<section class=\"elementor-section elementor-top-section elementor-element elementor-element-3b04425 elementor-section-boxed elementor-section-height-default elementor-section-height-default\" data-id=\"3b04425\" data-element_type=\"section\" data-e-type=\"section\">\n\t\t\t\t\t\t<div class=\"elementor-container elementor-column-gap-default\">\n\t\t\t\t\t<div class=\"elementor-column elementor-col-100 elementor-top-column elementor-element elementor-element-4811d99\" data-id=\"4811d99\" data-element_type=\"column\" data-e-type=\"column\">\n\t\t\t<div class=\"elementor-widget-wrap elementor-element-populated\">\n\t\t\t\t\t\t<div class=\"elementor-element elementor-element-c18136a elementor-widget elementor-widget-text-editor\" data-id=\"c18136a\" data-element_type=\"widget\" data-e-type=\"widget\" data-widget_type=\"text-editor.default\">\n\t\t\t\t<div class=\"elementor-widget-container\">\n\t\t\t\t\t\t\t\t\tIn the panel organized at \u00dc\u00c7GE I\u015f\u0131ktepe OSB main factory, speakers who make a difference in their fields and inspire with their experiences shared their knowledge and experiences about lived events and studies on gender equality. In the panel moderated by Brand Communication Consultant, Journalist, Author Sibel Ba\u011fc\u0131 Uzun, Bursa BUSADER President and Business Person Elif Evke, BUIKAD Founding President, Arya Women Investment Platform Bursa Vice President Selma \u00c7etinkaya T\u00fcrker, Author, Psychiatrist, Psychotherapist Specialist Doctor Asl\u0131 Akt\u00fcmen and Lawyer, Women and Children's Rights Advocate, Health Law and Nutrition Specialist, UCIM Turkey Legal Coordinator Mine Rana Kahramano\u011flu took part as guests.  The panel discussed how to overcome gender inequality in social life and the business world, and the effectiveness of women in leadership roles. Participants called for joint struggle and cooperation against gender inequality.\t\t\t\t\t\t\t\t<\/div>\n\t\t\t\t<\/div>\n\t\t\t\t\t<\/div>\n\t\t<\/div>\n\t\t\t\t\t<\/div>\n\t\t<\/section>\n\t\t\t\t<section class=\"elementor-section elementor-top-section elementor-element elementor-element-7dd38e1 elementor-section-boxed elementor-section-height-default elementor-section-height-default\" data-id=\"7dd38e1\" data-element_type=\"section\" data-e-type=\"section\">\n\t\t\t\t\t\t<div class=\"elementor-container elementor-column-gap-default\">\n\t\t\t\t\t<div class=\"elementor-column elementor-col-50 elementor-top-column elementor-element elementor-element-6b8820a\" data-id=\"6b8820a\" data-element_type=\"column\" data-e-type=\"column\">\n\t\t\t<div class=\"elementor-widget-wrap elementor-element-populated\">\n\t\t\t\t\t\t<div class=\"elementor-element elementor-element-48f2dab elementor-widget elementor-widget-image\" data-id=\"48f2dab\" data-element_type=\"widget\" data-e-type=\"widget\" data-widget_type=\"image.default\">\n\t\t\t\t<div class=\"elementor-widget-container\">\n\t\t\t\t\t\t\t\t\t\t\t\t\t\t\t<img loading=\"lazy\" decoding=\"async\" width=\"1024\" height=\"1024\" src=\"https:\/\/ucge.com\/wp-content\/uploads\/benim-rengim-kirmizi-3-1024x1024.jpg\" class=\"attachment-large size-large wp-image-28084\" alt=\"benim rengim k\u0131rm\u0131z\u0131 3\" srcset=\"https:\/\/ucge.com\/wp-content\/uploads\/benim-rengim-kirmizi-3-1024x1024.jpg 1024w, https:\/\/ucge.com\/wp-content\/uploads\/benim-rengim-kirmizi-3-300x300.jpg 300w, https:\/\/ucge.com\/wp-content\/uploads\/benim-rengim-kirmizi-3-150x150.jpg 150w, https:\/\/ucge.com\/wp-content\/uploads\/benim-rengim-kirmizi-3-768x768.jpg 768w, https:\/\/ucge.com\/wp-content\/uploads\/benim-rengim-kirmizi-3-12x12.jpg 12w, https:\/\/ucge.com\/wp-content\/uploads\/benim-rengim-kirmizi-3.jpg 1080w\" sizes=\"(max-width: 709px) 85vw, (max-width: 909px) 67vw, (max-width: 1362px) 62vw, 840px\" \/>\t\t\t\t\t\t\t\t\t\t\t\t\t\t\t<\/div>\n\t\t\t\t<\/div>\n\t\t\t\t\t<\/div>\n\t\t<\/div>\n\t\t\t\t<div class=\"elementor-column elementor-col-50 elementor-top-column elementor-element elementor-element-357e962\" data-id=\"357e962\" data-element_type=\"column\" data-e-type=\"column\">\n\t\t\t<div class=\"elementor-widget-wrap elementor-element-populated\">\n\t\t\t\t\t\t<div class=\"elementor-element elementor-element-268334b elementor-widget elementor-widget-image\" data-id=\"268334b\" data-element_type=\"widget\" data-e-type=\"widget\" data-widget_type=\"image.default\">\n\t\t\t\t<div class=\"elementor-widget-container\">\n\t\t\t\t\t\t\t\t\t\t\t\t\t\t\t<img loading=\"lazy\" decoding=\"async\" width=\"1024\" height=\"1024\" src=\"https:\/\/ucge.com\/wp-content\/uploads\/benim-rengim-kirmizi-4-1024x1024.jpg\" class=\"attachment-large size-large wp-image-28085\" alt=\"benim rengim k\u0131rm\u0131z\u0131 4\" srcset=\"https:\/\/ucge.com\/wp-content\/uploads\/benim-rengim-kirmizi-4-1024x1024.jpg 1024w, https:\/\/ucge.com\/wp-content\/uploads\/benim-rengim-kirmizi-4-300x300.jpg 300w, https:\/\/ucge.com\/wp-content\/uploads\/benim-rengim-kirmizi-4-150x150.jpg 150w, https:\/\/ucge.com\/wp-content\/uploads\/benim-rengim-kirmizi-4-768x768.jpg 768w, https:\/\/ucge.com\/wp-content\/uploads\/benim-rengim-kirmizi-4-12x12.jpg 12w, https:\/\/ucge.com\/wp-content\/uploads\/benim-rengim-kirmizi-4.jpg 1080w\" sizes=\"(max-width: 709px) 85vw, (max-width: 909px) 67vw, (max-width: 1362px) 62vw, 840px\" \/>\t\t\t\t\t\t\t\t\t\t\t\t\t\t\t<\/div>\n\t\t\t\t<\/div>\n\t\t\t\t\t<\/div>\n\t\t<\/div>\n\t\t\t\t\t<\/div>\n\t\t<\/section>\n\t\t\t\t<section class=\"elementor-section elementor-top-section elementor-element elementor-element-fdaf09a elementor-section-boxed elementor-section-height-default elementor-section-height-default\" data-id=\"fdaf09a\" data-element_type=\"section\" data-e-type=\"section\">\n\t\t\t\t\t\t<div class=\"elementor-container elementor-column-gap-default\">\n\t\t\t\t\t<div class=\"elementor-column elementor-col-100 elementor-top-column elementor-element elementor-element-c97ecd4\" data-id=\"c97ecd4\" data-element_type=\"column\" data-e-type=\"column\">\n\t\t\t<div class=\"elementor-widget-wrap elementor-element-populated\">\n\t\t\t\t\t\t<div class=\"elementor-element elementor-element-aa08377 elementor-widget elementor-widget-text-editor\" data-id=\"aa08377\" data-element_type=\"widget\" data-e-type=\"widget\" data-widget_type=\"text-editor.default\">\n\t\t\t\t<div class=\"elementor-widget-container\">\n\t\t\t\t\t\t\t\t\t\u00dc\u00c7GE Human Resources Director Seda Nur Akcan \u0130ncir said the following about the event: \"As women's participation in the workforce increases, our companies become more diverse, innovative and visionary. By women and men working together, we are taking important steps towards building a fairer society and a more sustainable future. With the event we organized with the motto 'My Color is Red' and hosted very valuable guests, we aimed to raise awareness on this important issue and contribute to social change. At the same time, we wanted to make this special day even more meaningful by making a donation to the Koruncuk Foundation on behalf of each employee of our \u00dc\u00c7GE Group Companies. With this donation, we aim to contribute to the journey of our children to become self-confident individuals who grow up with love and trust, aware of their modern rights. On this occasion, we would like to take this opportunity to thank our women power for their contributions and support in our journey with the vision of creating value for the future.\"\t\t\t\t\t\t\t\t<\/div>\n\t\t\t\t<\/div>\n\t\t\t\t\t<\/div>\n\t\t<\/div>\n\t\t\t\t\t<\/div>\n\t\t<\/section>\n\t\t\t\t<section class=\"elementor-section elementor-top-section elementor-element elementor-element-a06d893 elementor-section-boxed elementor-section-height-default elementor-section-height-default\" data-id=\"a06d893\" data-element_type=\"section\" data-e-type=\"section\">\n\t\t\t\t\t\t<div class=\"elementor-container elementor-column-gap-default\">\n\t\t\t\t\t<div class=\"elementor-column elementor-col-33 elementor-top-column elementor-element elementor-element-2f4caca\" data-id=\"2f4caca\" data-element_type=\"column\" data-e-type=\"column\">\n\t\t\t<div class=\"elementor-widget-wrap\">\n\t\t\t\t\t\t\t<\/div>\n\t\t<\/div>\n\t\t\t\t<div class=\"elementor-column elementor-col-33 elementor-top-column elementor-element elementor-element-9e1e267\" data-id=\"9e1e267\" data-element_type=\"column\" data-e-type=\"column\">\n\t\t\t<div class=\"elementor-widget-wrap elementor-element-populated\">\n\t\t\t\t\t\t<div class=\"elementor-element elementor-element-ccd33ac elementor-widget elementor-widget-image\" data-id=\"ccd33ac\" data-element_type=\"widget\" data-e-type=\"widget\" data-widget_type=\"image.default\">\n\t\t\t\t<div class=\"elementor-widget-container\">\n\t\t\t\t\t\t\t\t\t\t\t\t\t\t\t<img loading=\"lazy\" decoding=\"async\" width=\"1080\" height=\"752\" src=\"https:\/\/ucge.com\/wp-content\/uploads\/benim-rengim-kirmizi-5-e1710222553220.jpg\" class=\"attachment-full size-full wp-image-28086\" alt=\"benim rengim k\u0131rm\u0131z\u0131 5\" srcset=\"https:\/\/ucge.com\/wp-content\/uploads\/benim-rengim-kirmizi-5-e1710222553220.jpg 1080w, https:\/\/ucge.com\/wp-content\/uploads\/benim-rengim-kirmizi-5-e1710222553220-300x209.jpg 300w, https:\/\/ucge.com\/wp-content\/uploads\/benim-rengim-kirmizi-5-e1710222553220-1024x713.jpg 1024w, https:\/\/ucge.com\/wp-content\/uploads\/benim-rengim-kirmizi-5-e1710222553220-768x535.jpg 768w, https:\/\/ucge.com\/wp-content\/uploads\/benim-rengim-kirmizi-5-e1710222553220-18x12.jpg 18w\" sizes=\"(max-width: 709px) 85vw, (max-width: 909px) 67vw, (max-width: 1362px) 62vw, 840px\" \/>\t\t\t\t\t\t\t\t\t\t\t\t\t\t\t<\/div>\n\t\t\t\t<\/div>\n\t\t\t\t\t<\/div>\n\t\t<\/div>\n\t\t\t\t<div class=\"elementor-column elementor-col-33 elementor-top-column elementor-element elementor-element-a096a1b\" data-id=\"a096a1b\" data-element_type=\"column\" data-e-type=\"column\">\n\t\t\t<div class=\"elementor-widget-wrap\">\n\t\t\t\t\t\t\t<\/div>\n\t\t<\/div>\n\t\t\t\t\t<\/div>\n\t\t<\/section>\n\t\t\t\t<\/div>","protected":false},"excerpt":{"rendered":"<p>\u00dc\u00c7GE Kad\u0131nlar G\u00fcn\u00fcnde K\u0131rm\u0131z\u0131 Kart G\u00f6sterdi \u00dc\u00c7GE, &#8220;Benim Rengim K\u0131rm\u0131z\u0131&#8221; Mottosuyla Kad\u0131n Haklar\u0131na Dikkat \u00c7ekti ve Toplumsal Fark\u0131ndal\u0131k Olu\u015fturdu\u00dc\u00c7GE; 8 Mart D\u00fcnya Kad\u0131nlar G\u00fcn\u00fc kapsam\u0131nda, \u00e7e\u015fitlilik, e\u015fitlik ve kapsay\u0131c\u0131l\u0131k temelinde toplumsal cinsiyet e\u015fitli\u011finin sa\u011flanmas\u0131, kad\u0131nlar\u0131n hak etti\u011fi de\u011ferin fark edilerek i\u015f hayat\u0131nda ve liderlik rollerinde daha fazla yer almas\u0131 konular\u0131na dikkat \u00e7ekmek amac\u0131yla cinsiyet e\u015fitsizli\u011fine &hellip; <a href=\"https:\/\/ucge.com\/en\/ucge-kadinlar-gununde-kirmizi-kart-gosterdi\/\" class=\"more-link\">Continue reading<span class=\"screen-reader-text\"> &#8220;\u00dc\u00c7GE Kad\u0131nlar G\u00fcn\u00fcnde K\u0131rm\u0131z\u0131 Kart G\u00f6sterdi&#8221;<\/span><\/a><\/p>","protected":false},"author":2,"featured_media":28093,"comment_status":"closed","ping_status":"closed","sticky":false,"template":"elementor_header_footer","format":"standard","meta":{"footnotes":""},"categories":[19],"tags":[],"class_list":["post-28079","post","type-post","status-publish","format-standard","has-post-thumbnail","hentry","category-haberler"],"_links":{"self":[{"href":"https:\/\/ucge.com\/en\/wp-json\/wp\/v2\/posts\/28079","targetHints":{"allow":["GET"]}}],"collection":[{"href":"https:\/\/ucge.com\/en\/wp-json\/wp\/v2\/posts"}],"about":[{"href":"https:\/\/ucge.com\/en\/wp-json\/wp\/v2\/types\/post"}],"author":[{"embeddable":true,"href":"https:\/\/ucge.com\/en\/wp-json\/wp\/v2\/users\/2"}],"replies":[{"embeddable":true,"href":"https:\/\/ucge.com\/en\/wp-json\/wp\/v2\/comments?post=28079"}],"version-history":[{"count":0,"href":"https:\/\/ucge.com\/en\/wp-json\/wp\/v2\/posts\/28079\/revisions"}],"wp:featuredmedia":[{"embeddable":true,"href":"https:\/\/ucge.com\/en\/wp-json\/wp\/v2\/media\/28093"}],"wp:attachment":[{"href":"https:\/\/ucge.com\/en\/wp-json\/wp\/v2\/media?parent=28079"}],"wp:term":[{"taxonomy":"category","embeddable":true,"href":"https:\/\/ucge.com\/en\/wp-json\/wp\/v2\/categories?post=28079"},{"taxonomy":"post_tag","embeddable":true,"href":"https:\/\/ucge.com\/en\/wp-json\/wp\/v2\/tags?post=28079"}],"curies":[{"name":"wp","href":"https:\/\/api.w.org\/{rel}","templated":true}]}}