{"id":32270,"date":"2024-08-19T08:58:59","date_gmt":"2024-08-19T05:58:59","guid":{"rendered":"https:\/\/ucge.com\/?p=32270"},"modified":"2024-10-02T10:48:59","modified_gmt":"2024-10-02T07:48:59","slug":"gokcin-aras-was-remembered-with-respect-and-longing-on-its-2nd-anniversary","status":"publish","type":"post","link":"https:\/\/ucge.com\/en\/gokcin-aras-2nci-yil-donumunde-saygi-ve-ozlemle-anildi\/","title":{"rendered":"G\u00f6k\u00e7in Aras Commemorated with Respect and Longing on the 2nd Anniversary of His Death"},"content":{"rendered":"<div data-elementor-type=\"wp-post\" data-elementor-id=\"32270\" class=\"elementor elementor-32270\" data-elementor-post-type=\"post\">\n\t\t\t\t\t\t<section class=\"elementor-section elementor-top-section elementor-element elementor-element-95c4a14 elementor-section-boxed elementor-section-height-default elementor-section-height-default\" data-id=\"95c4a14\" data-element_type=\"section\" data-e-type=\"section\">\n\t\t\t\t\t\t<div class=\"elementor-container elementor-column-gap-default\">\n\t\t\t\t\t<div class=\"elementor-column elementor-col-100 elementor-top-column elementor-element elementor-element-1d5f43f\" data-id=\"1d5f43f\" data-element_type=\"column\" data-e-type=\"column\">\n\t\t\t<div class=\"elementor-widget-wrap elementor-element-populated\">\n\t\t\t\t\t\t<div class=\"elementor-element elementor-element-6d9b31c elementor-widget__width-initial elementor-widget elementor-widget-image\" data-id=\"6d9b31c\" data-element_type=\"widget\" data-e-type=\"widget\" data-widget_type=\"image.default\">\n\t\t\t\t<div class=\"elementor-widget-container\">\n\t\t\t\t\t\t\t\t\t\t\t\t\t\t\t<img decoding=\"async\" src=\"https:\/\/ucge.com\/wp-content\/uploads\/gokcin-aras-kapak-yatay-en.jpg\" title=\"\" alt=\"\" loading=\"lazy\" \/>\t\t\t\t\t\t\t\t\t\t\t\t\t\t\t<\/div>\n\t\t\t\t<\/div>\n\t\t\t\t\t<\/div>\n\t\t<\/div>\n\t\t\t\t\t<\/div>\n\t\t<\/section>\n\t\t\t\t<section class=\"elementor-section elementor-top-section elementor-element elementor-element-5eb25a5 elementor-section-boxed elementor-section-height-default elementor-section-height-default\" data-id=\"5eb25a5\" data-element_type=\"section\" data-e-type=\"section\">\n\t\t\t\t\t\t<div class=\"elementor-container elementor-column-gap-default\">\n\t\t\t\t\t<div class=\"elementor-column elementor-col-100 elementor-top-column elementor-element elementor-element-ad003f3\" data-id=\"ad003f3\" data-element_type=\"column\" data-e-type=\"column\">\n\t\t\t<div class=\"elementor-widget-wrap elementor-element-populated\">\n\t\t\t\t\t\t<div class=\"elementor-element elementor-element-6051fb3 elementor-widget elementor-widget-image\" data-id=\"6051fb3\" data-element_type=\"widget\" data-e-type=\"widget\" data-widget_type=\"image.default\">\n\t\t\t\t<div class=\"elementor-widget-container\">\n\t\t\t\t\t\t\t\t\t\t\t\t\t\t\t<img fetchpriority=\"high\" decoding=\"async\" width=\"850\" height=\"479\" src=\"https:\/\/ucge.com\/wp-content\/uploads\/gokcin-aras-nlfo_cover.jpg.webp\" class=\"attachment-full size-full wp-image-35450\" alt=\"gokcin-aras-nlfo_cover.jpg\" srcset=\"https:\/\/ucge.com\/wp-content\/uploads\/gokcin-aras-nlfo_cover.jpg.webp 850w, https:\/\/ucge.com\/wp-content\/uploads\/gokcin-aras-nlfo_cover.jpg-300x169.webp 300w, https:\/\/ucge.com\/wp-content\/uploads\/gokcin-aras-nlfo_cover.jpg-768x433.webp 768w, https:\/\/ucge.com\/wp-content\/uploads\/gokcin-aras-nlfo_cover.jpg-18x10.webp 18w\" sizes=\"(max-width: 709px) 85vw, (max-width: 909px) 67vw, (max-width: 1362px) 62vw, 840px\" \/>\t\t\t\t\t\t\t\t\t\t\t\t\t\t\t<\/div>\n\t\t\t\t<\/div>\n\t\t\t\t<div class=\"elementor-element elementor-element-086bb5f elementor-widget elementor-widget-heading\" data-id=\"086bb5f\" data-element_type=\"widget\" data-e-type=\"widget\" data-widget_type=\"heading.default\">\n\t\t\t\t<div class=\"elementor-widget-container\">\n\t\t\t\t\t<h1 class=\"elementor-heading-title elementor-size-default\">G\u00f6k\u00e7in Aras Commemorated with Respect and Longing on the 2nd Anniversary of His Death<\/h1>\t\t\t\t<\/div>\n\t\t\t\t<\/div>\n\t\t\t\t<div class=\"elementor-element elementor-element-fecfdab elementor-widget elementor-widget-text-editor\" data-id=\"fecfdab\" data-element_type=\"widget\" data-e-type=\"widget\" data-widget_type=\"text-editor.default\">\n\t\t\t\t<div class=\"elementor-widget-container\">\n\t\t\t\t\t\t\t\t\t<p><strong>The founder of \u00dc\u00c7GE Group Companies, the late G\u00f6k\u00e7in Aras, was remembered with respect and longing at the commemoration ceremony organized on the second anniversary of his death.<\/strong><\/p>\t\t\t\t\t\t\t\t<\/div>\n\t\t\t\t<\/div>\n\t\t\t\t<div class=\"elementor-element elementor-element-3197cf8 elementor-widget elementor-widget-text-editor\" data-id=\"3197cf8\" data-element_type=\"widget\" data-e-type=\"widget\" data-widget_type=\"text-editor.default\">\n\t\t\t\t<div class=\"elementor-widget-container\">\n\t\t\t\t\t\t\t\t\t<p>\u00dc\u00c7GE Board Chairmen Damla Aras and Can Aras delivered speeches at the memorial ceremony organized in memory of G\u00f6k\u00e7in Aras at \u00dc\u00c7GE's Bursa I\u015f\u0131ktepe OSB factory. The ceremony was shared across the entire company with simultaneous live broadcast links to \u00dc\u00c7GE companies in Bursa Kestel, Mustafakemalpa\u015fa, \u0130stanbul, and Germany.<\/p>\t\t\t\t\t\t\t\t<\/div>\n\t\t\t\t<\/div>\n\t\t\t\t<div class=\"elementor-element elementor-element-e59b745 elementor-widget__width-initial elementor-widget elementor-widget-text-editor\" data-id=\"e59b745\" data-element_type=\"widget\" data-e-type=\"widget\" data-widget_type=\"text-editor.default\">\n\t\t\t\t<div class=\"elementor-widget-container\">\n\t\t\t\t\t\t\t\t\t<p>In his speech, Can Aras, Chairman of \u00dc\u00c7GE, emphasized that his father G\u00f6k\u00e7in Aras was not only a businessman but also a visionary who lived life with passion, was guided by his ideas, and was deeply committed to his business and his country. He stated that G\u00f6k\u00e7in Aras started his journey in the business world in 1976 in a small shop in Bursa and that this shop was where his dreams sprouted. Can Aras stated that he always believed in his team's power, saying \u201cReal success cannot be achieved alone\u201d. Aras said, \u201cThis structure, which he established with faith and determination, has become a brand that has opened to the world over time. We have the same determination to protect the values he entrusted to us and to make \u00dc\u00c7GE a leader in the global arena.\u201d<\/p>\t\t\t\t\t\t\t\t<\/div>\n\t\t\t\t<\/div>\n\t\t\t\t<div class=\"elementor-element elementor-element-4939db3 elementor-widget elementor-widget-text-editor\" data-id=\"4939db3\" data-element_type=\"widget\" data-e-type=\"widget\" data-widget_type=\"text-editor.default\">\n\t\t\t\t<div class=\"elementor-widget-container\">\n\t\t\t\t\t\t\t\t\t<p>Following Can Aras, Damla Aras, Chairman of \u00dc\u00c7GE Board of Directors, emphasized in her speech that G\u00f6k\u00e7in Aras was a visionary who never gave up on pursuing her dreams. Damla Aras stated that G\u00f6k\u00e7in Aras built her life with courageous steps and laid the foundations of \u00dc\u00c7GE by starting as a teacher and moving towards her dreams. \u201cHer values and vision will always illuminate our path. Our goal now is to continue this meaningful journey that he laid the foundations for by achieving much greater success. We remember G\u00f6k\u00e7in Aras, whose longing in our hearts we feel deeply, with endless gratitude and love.\u201d<\/p>\t\t\t\t\t\t\t\t<\/div>\n\t\t\t\t<\/div>\n\t\t\t\t\t<\/div>\n\t\t<\/div>\n\t\t\t\t\t<\/div>\n\t\t<\/section>\n\t\t\t\t<section class=\"elementor-section elementor-top-section elementor-element elementor-element-529caff elementor-section-boxed elementor-section-height-default elementor-section-height-default\" data-id=\"529caff\" data-element_type=\"section\" data-e-type=\"section\">\n\t\t\t\t\t\t<div class=\"elementor-container elementor-column-gap-default\">\n\t\t\t\t\t<div class=\"elementor-column elementor-col-50 elementor-top-column elementor-element elementor-element-eac38db\" data-id=\"eac38db\" data-element_type=\"column\" data-e-type=\"column\">\n\t\t\t<div class=\"elementor-widget-wrap elementor-element-populated\">\n\t\t\t\t\t\t<div class=\"elementor-element elementor-element-7d7f6c1 elementor-widget elementor-widget-image\" data-id=\"7d7f6c1\" data-element_type=\"widget\" data-e-type=\"widget\" data-widget_type=\"image.default\">\n\t\t\t\t<div class=\"elementor-widget-container\">\n\t\t\t\t\t\t\t\t\t\t\t\t\t\t\t<img decoding=\"async\" width=\"1024\" height=\"693\" src=\"https:\/\/ucge.com\/wp-content\/uploads\/gokcin-aras-anma-2.yil-fotograf-1-1024x693.jpg\" class=\"attachment-large size-large wp-image-32281\" alt=\"gokcin aras anma 2.yil fotograf - 1\" srcset=\"https:\/\/ucge.com\/wp-content\/uploads\/gokcin-aras-anma-2.yil-fotograf-1-1024x693.jpg 1024w, https:\/\/ucge.com\/wp-content\/uploads\/gokcin-aras-anma-2.yil-fotograf-1-300x203.jpg 300w, https:\/\/ucge.com\/wp-content\/uploads\/gokcin-aras-anma-2.yil-fotograf-1-768x520.jpg 768w, https:\/\/ucge.com\/wp-content\/uploads\/gokcin-aras-anma-2.yil-fotograf-1-1536x1040.jpg 1536w, https:\/\/ucge.com\/wp-content\/uploads\/gokcin-aras-anma-2.yil-fotograf-1-18x12.jpg 18w, https:\/\/ucge.com\/wp-content\/uploads\/gokcin-aras-anma-2.yil-fotograf-1-1200x813.jpg 1200w, https:\/\/ucge.com\/wp-content\/uploads\/gokcin-aras-anma-2.yil-fotograf-1.jpg 1654w\" sizes=\"(max-width: 709px) 85vw, (max-width: 909px) 67vw, (max-width: 1362px) 62vw, 840px\" \/>\t\t\t\t\t\t\t\t\t\t\t\t\t\t\t<\/div>\n\t\t\t\t<\/div>\n\t\t\t\t\t<\/div>\n\t\t<\/div>\n\t\t\t\t<div class=\"elementor-column elementor-col-50 elementor-top-column elementor-element elementor-element-eb09f02\" data-id=\"eb09f02\" data-element_type=\"column\" data-e-type=\"column\">\n\t\t\t<div class=\"elementor-widget-wrap elementor-element-populated\">\n\t\t\t\t\t\t<div class=\"elementor-element elementor-element-d87f84c elementor-widget elementor-widget-image\" data-id=\"d87f84c\" data-element_type=\"widget\" data-e-type=\"widget\" data-widget_type=\"image.default\">\n\t\t\t\t<div class=\"elementor-widget-container\">\n\t\t\t\t\t\t\t\t\t\t\t\t\t\t\t<img decoding=\"async\" width=\"1024\" height=\"693\" src=\"https:\/\/ucge.com\/wp-content\/uploads\/gokcin-aras-anma-2.yil-fotograf-2-1024x693.jpg\" class=\"attachment-large size-large wp-image-32280\" alt=\"gokcin aras anma 2.yil fotograf - 2\" srcset=\"https:\/\/ucge.com\/wp-content\/uploads\/gokcin-aras-anma-2.yil-fotograf-2-1024x693.jpg 1024w, https:\/\/ucge.com\/wp-content\/uploads\/gokcin-aras-anma-2.yil-fotograf-2-300x203.jpg 300w, https:\/\/ucge.com\/wp-content\/uploads\/gokcin-aras-anma-2.yil-fotograf-2-768x520.jpg 768w, https:\/\/ucge.com\/wp-content\/uploads\/gokcin-aras-anma-2.yil-fotograf-2-1536x1040.jpg 1536w, https:\/\/ucge.com\/wp-content\/uploads\/gokcin-aras-anma-2.yil-fotograf-2-18x12.jpg 18w, https:\/\/ucge.com\/wp-content\/uploads\/gokcin-aras-anma-2.yil-fotograf-2-1200x813.jpg 1200w, https:\/\/ucge.com\/wp-content\/uploads\/gokcin-aras-anma-2.yil-fotograf-2.jpg 1654w\" sizes=\"(max-width: 709px) 85vw, (max-width: 909px) 67vw, (max-width: 1362px) 62vw, 840px\" \/>\t\t\t\t\t\t\t\t\t\t\t\t\t\t\t<\/div>\n\t\t\t\t<\/div>\n\t\t\t\t\t<\/div>\n\t\t<\/div>\n\t\t\t\t\t<\/div>\n\t\t<\/section>\n\t\t\t\t<\/div>","protected":false},"excerpt":{"rendered":"<p>G\u00d6K\u00c7\u0130N ARAS, VEFATININ 2\u2019NC\u0130 YIL D\u00d6N\u00dcM\u00dcNDE SAYGI VE \u00d6ZLEMLE ANILDI \u00dc\u00c7GE Grup \u015eirketleri\u2019nin kurucusu, Merhum G\u00f6k\u00e7in Aras, vefat\u0131n\u0131n ikinci y\u0131l\u0131nda d\u00fczenlenen anma t\u00f6reninde sayg\u0131 ve \u00f6zlemle yad edildi. \u00dc\u00c7GE Grup \u015eirketleri\u2019nin kurucusu G\u00f6k\u00e7in Aras, vefat\u0131n\u0131n 2\u2019nci y\u0131l\u0131nda \u00dc\u00c7GE \u015firketlerinde ve Bursa Fethiye Mezarl\u0131\u011f\u0131\u2019ndaki kabri ba\u015f\u0131nda d\u00fczenlenen t\u00f6renlerle an\u0131ld\u0131. T\u00f6rene ailesi, \u00dc\u00c7GE Y\u00f6netim Kurulu \u00fcyeleri, y\u00f6neticileri, &hellip; <a href=\"https:\/\/ucge.com\/en\/gokcin-aras-2nci-yil-donumunde-saygi-ve-ozlemle-anildi\/\" class=\"more-link\">Continue reading<span class=\"screen-reader-text\"> &#8220;G\u00d6K\u00c7\u0130N ARAS, VEFATININ 2\u2019NC\u0130 YIL D\u00d6N\u00dcM\u00dcNDE SAYGI VE \u00d6ZLEMLE ANILDI&#8221;<\/span><\/a><\/p>","protected":false},"author":2,"featured_media":35450,"comment_status":"closed","ping_status":"closed","sticky":false,"template":"elementor_header_footer","format":"standard","meta":{"footnotes":""},"categories":[19],"tags":[],"class_list":["post-32270","post","type-post","status-publish","format-standard","has-post-thumbnail","hentry","category-haberler"],"_links":{"self":[{"href":"https:\/\/ucge.com\/en\/wp-json\/wp\/v2\/posts\/32270","targetHints":{"allow":["GET"]}}],"collection":[{"href":"https:\/\/ucge.com\/en\/wp-json\/wp\/v2\/posts"}],"about":[{"href":"https:\/\/ucge.com\/en\/wp-json\/wp\/v2\/types\/post"}],"author":[{"embeddable":true,"href":"https:\/\/ucge.com\/en\/wp-json\/wp\/v2\/users\/2"}],"replies":[{"embeddable":true,"href":"https:\/\/ucge.com\/en\/wp-json\/wp\/v2\/comments?post=32270"}],"version-history":[{"count":0,"href":"https:\/\/ucge.com\/en\/wp-json\/wp\/v2\/posts\/32270\/revisions"}],"wp:featuredmedia":[{"embeddable":true,"href":"https:\/\/ucge.com\/en\/wp-json\/wp\/v2\/media\/35450"}],"wp:attachment":[{"href":"https:\/\/ucge.com\/en\/wp-json\/wp\/v2\/media?parent=32270"}],"wp:term":[{"taxonomy":"category","embeddable":true,"href":"https:\/\/ucge.com\/en\/wp-json\/wp\/v2\/categories?post=32270"},{"taxonomy":"post_tag","embeddable":true,"href":"https:\/\/ucge.com\/en\/wp-json\/wp\/v2\/tags?post=32270"}],"curies":[{"name":"wp","href":"https:\/\/api.w.org\/{rel}","templated":true}]}}